{"id":259921,"date":"2025-07-20T00:02:10","date_gmt":"2025-07-20T00:02:10","guid":{"rendered":"https:\/\/www.europesays.com\/fr\/259921\/"},"modified":"2025-07-20T00:02:10","modified_gmt":"2025-07-20T00:02:10","slug":"quartararo-en-veut-toujours-plus-meme-sil-a-fait-le-maximum-possible","status":"publish","type":"post","link":"https:\/\/www.europesays.com\/fr\/259921\/","title":{"rendered":"Quartararo en \u00ab veut toujours plus \u00bb, m\u00eame s\u2019il a \u00ab fait le maximum possible \u00bb"},"content":{"rendered":"<p>Une semaine apr\u00e8s son podium en Sprint en Allemagne, <a href=\"https:\/\/www.autohebdo.fr\/actualites\/tag\/fabio-quartararo\" data-internallinksmanager029f6b8e52c=\"15\" title=\"Fabio Quartararo\" rel=\"nofollow noopener\" target=\"_blank\">Fabio Quartararo<\/a> a cru pouvoir refaire le coup \u00e0 Brno (Tch\u00e9quie). Qualifi\u00e9 en premi\u00e8re ligne (3e) pour la sixi\u00e8me fois de la saison, le Ni\u00e7ois avait des arguments \u00e0 faire valoir. Au Sachsenring, il avait sign\u00e9 un week-end particuli\u00e8rement r\u00e9ussi avec une troisi\u00e8me place en Sprint et une quatri\u00e8me position \u00e9minemment frustrante lors du Grand Prix.<\/p>\n<p>La frustration est toujours l\u00e0 en Tch\u00e9quie, mais elle est dissimul\u00e9e derri\u00e8re un sourire, celui d\u2019un homme conscient d\u2019avoir r\u00e9alis\u00e9 le meilleur r\u00e9sultat possible en course Sprint. \u00ab On veut toujours plus, mais avec ce qu\u2019on a, je pense que nous avons fait le maximum \u00bb, assure Quartararo. \u00ab C\u2019\u00e9tait une course tr\u00e8s difficile, mais il faut regarder le nombre de points que nous marquons. Nous avons certaines choses \u00e0 am\u00e9liorer, mais on y travaille ! Les derniers tours, je n\u2019\u00e9tais plus dans le rythme, j\u2019\u00e9tais un peu plus en difficult\u00e9, il va falloir analyser la d\u00e9gradation des pneus afin de comprendre ce que nous pouvons am\u00e9liorer pour le Grand Prix. \u00bb<\/p>\n<p><strong>\u00c0 LIRE AUSSI &gt; <a href=\"https:\/\/www.autohebdo.fr\/actualites\/motogp\/motogp-gp-dallemagne-sprint.html\" rel=\"nofollow noopener\" target=\"_blank\">GP de Tch\u00e9quie \u2013 Sprint : Marc Marquez s\u2019impose devant deux KTM<\/a><\/strong><\/p>\n<p>Le Fran\u00e7ais est encore trop limit\u00e9 par une moto dont le moteur est en nette souffrance par rapport \u00e0 la concurrence, notamment les KTM qui ont pu le d\u00e9passer tr\u00e8s facilement en ligne droite. La Yamaha souffre aussi d\u2019une trop importante d\u00e9gradation des pneus, ce qui rend les fins de course tr\u00e8s difficiles.<\/p>\n<p>\u00ab Comme dans toutes les courses Sprint, nous voyons que nous d\u00e9gradons \u00e9norm\u00e9ment \u00bb, d\u00e9taille Fabio. \u00ab Sur cette piste o\u00f9 il y a beaucoup d\u2019adh\u00e9rence, on pensait qu\u2019on pourrait faire mieux, mais nous n\u2019avions aucun grip sur l\u2019arri\u00e8re et sur les entr\u00e9es de virage. J\u2019\u00e9tais compl\u00e8tement sur des \u0153ufs, mais j\u2019\u00e9tais paradoxalement surpris de mes temps avec les conditions que nous avions. C\u2019est s\u00fbr que ce n\u2019\u00e9tait, dans tous les cas, pas la course id\u00e9ale. \u00bb<\/p>\n<p>Charge \u00e0 lui d\u2019essayer de faire encore mieux lors du Grand Prix, o\u00f9 il aura \u00e0 c\u0153ur de convertir sa troisi\u00e8me place de d\u00e9part en un premier podium cette saison le dimanche. Face \u00e0 KTM, Aprilia voire Honda, rien ne sera simple.<\/p>\n","protected":false},"excerpt":{"rendered":"Une semaine apr\u00e8s son podium en Sprint en Allemagne, Fabio Quartararo a cru pouvoir refaire le coup \u00e0&hellip;\n","protected":false},"author":2,"featured_media":259922,"comment_status":"","ping_status":"","sticky":false,"template":"","format":"standard","meta":{"footnotes":""},"categories":[1413],"tags":[1011,27,1457,1456,60],"class_list":{"0":"post-259921","1":"post","2":"type-post","3":"status-publish","4":"format-standard","5":"has-post-thumbnail","7":"category-moto","8":"tag-fr","9":"tag-france","10":"tag-moto","11":"tag-motocycle","12":"tag-sports"},"share_on_mastodon":{"url":"https:\/\/pubeurope.com\/@fr\/114882631662169967","error":""},"_links":{"self":[{"href":"https:\/\/www.europesays.com\/fr\/wp-json\/wp\/v2\/posts\/259921","targetHints":{"allow":["GET"]}}],"collection":[{"href":"https:\/\/www.europesays.com\/fr\/wp-json\/wp\/v2\/posts"}],"about":[{"href":"https:\/\/www.europesays.com\/fr\/wp-json\/wp\/v2\/types\/post"}],"author":[{"embeddable":true,"href":"https:\/\/www.europesays.com\/fr\/wp-json\/wp\/v2\/users\/2"}],"replies":[{"embeddable":true,"href":"https:\/\/www.europesays.com\/fr\/wp-json\/wp\/v2\/comments?post=259921"}],"version-history":[{"count":0,"href":"https:\/\/www.europesays.com\/fr\/wp-json\/wp\/v2\/posts\/259921\/revisions"}],"wp:featuredmedia":[{"embeddable":true,"href":"https:\/\/www.europesays.com\/fr\/wp-json\/wp\/v2\/media\/259922"}],"wp:attachment":[{"href":"https:\/\/www.europesays.com\/fr\/wp-json\/wp\/v2\/media?parent=259921"}],"wp:term":[{"taxonomy":"category","embeddable":true,"href":"https:\/\/www.europesays.com\/fr\/wp-json\/wp\/v2\/categories?post=259921"},{"taxonomy":"post_tag","embeddable":true,"href":"https:\/\/www.europesays.com\/fr\/wp-json\/wp\/v2\/tags?post=259921"}],"curies":[{"name":"wp","href":"https:\/\/api.w.org\/{rel}","templated":true}]}}