{"id":259927,"date":"2025-07-20T00:05:10","date_gmt":"2025-07-20T00:05:10","guid":{"rendered":"https:\/\/www.europesays.com\/fr\/259927\/"},"modified":"2025-07-20T00:05:10","modified_gmt":"2025-07-20T00:05:10","slug":"mercato-psg-un-touche-en-serie-a-pour-goncalo-ramos","status":"publish","type":"post","link":"https:\/\/www.europesays.com\/fr\/259927\/","title":{"rendered":"Mercato PSG &#8211; Un touche en Serie A pour Gon\u00e7alo Ramos"},"content":{"rendered":"<p><img width=\"700\" height=\"350\" src=\"https:\/\/www.europesays.com\/fr\/wp-content\/uploads\/2025\/07\/Goncalo-Ramos.jpg\" class=\"attachment-jannah-image-post size-jannah-image-post wp-post-image\" alt=\"Gon\u00e7alo ramos\" is_main_img=\"1\" decoding=\"async\" fetchpriority=\"high\"  \/><br \/>\n Image :<br \/>\npsg.fr<\/p>\n<p>Sous contrat jusqu\u2019en 2028 avec le PSG, Gon\u00e7alo Ramos<br \/>\npourrait \u00eatre amen\u00e9 \u00e0 quitter les Rouge &amp; Bleu cet \u00e9t\u00e9 en cas<br \/>\nd\u2019offre satisfaisante. Et le Portugais aurait une touche en Serie<br \/>\nA.<\/p>\n<p>Recrut\u00e9 contre 65M\u20ac, hors bonus, au <strong>SL Benfica<\/strong><br \/>\nen 2023, <strong><a href=\"https:\/\/canal-supporters.com\/une-reflexion-sur-son-avenir-pour-goncalo-ramos-cet-ete\/\" title=\"\" target=\"_blank\" rel=\"noopener\">Gon\u00e7alo Ramos<\/a><\/strong> n\u2019a jamais r\u00e9ussi \u00e0 se faire<br \/>\nune place dans le onze de d\u00e9part de <strong>Luis Enrique<\/strong>.<br \/>\nL\u2019international portugais est consid\u00e9r\u00e9 comme un rempla\u00e7ant de luxe<br \/>\net un joueur de rotation pour faire reposer les cadres avant les<br \/>\ngrosses \u00e9ch\u00e9ances. \u00c2g\u00e9 de 24 ans, le num\u00e9ro 9 parisien n\u2019a pour<br \/>\nl\u2019instant pas demand\u00e9 un d\u00e9part pour cet \u00e9t\u00e9 mais la direction<br \/>\nparisienne ne fermera pas la porte en cas d\u2019offre jug\u00e9e<br \/>\nsatisfaisante.<\/p>\n<p>Des discussions<br \/>\navec l\u2019agent de Ramos<\/p>\n<p>Et \u00e0 un an de la <strong>Coupe du monde 2026<\/strong>, un club<br \/>\nde <strong>Serie A<\/strong> pourrait redonner un temps de jeu plus<br \/>\ncons\u00e9quent au natif d\u2019<strong>Olh\u00e3o<\/strong>. En effet, selon les<br \/>\ninformations du journaliste <strong><a href=\"https:\/\/x.com\/sachatavolieri\" target=\"_blank\" rel=\"noopener\" title=\"\">Sacha Tavioleri<\/a><\/strong>, <strong>l\u2019AC Milan<\/strong><br \/>\nveut renforcer son secteur offensif et aurait fait de<br \/>\n<strong>Gon\u00e7alo Ramos<\/strong> sa priorit\u00e9. Les dirigeants milanais<br \/>\nseraient m\u00eame en discussions avec l\u2019agent du joueur pour trouver un<br \/>\n\u00e9ventuel accord. Dans ce dossier, la formation italienne<br \/>\ndisposerait d\u2019une enveloppe de 30M\u20ac. Le club lombard pense que ce<br \/>\ntransfert est \u00ab\u00a0faisable\u00a0\u00bb, mais reste \u00e0 convaincre le<br \/>\nboard des Rouge &amp; Bleu, qui ne compte pas <strong><a href=\"https:\/\/canal-supporters.com\/mercato-psg-le-dossier-milan-skriniar-au-point-mort\/\" title=\"\" target=\"_blank\" rel=\"noopener\">brader ses joueurs<\/a><\/strong> durant ce mercato estival.<br \/>\nIl y a quelques semaines, le Portugais s\u2019\u00e9tait exprim\u00e9 sur les<br \/>\nrumeurs autour de son avenir : \u00ab\u00a0Je suis tr\u00e8s bien ici !<br \/>\nC\u2019est normal que tout le monde parle un peu, mais pour moi ce n\u2019est<br \/>\nrien.\u00a0\u00bb Pour rappel, <strong>l\u2019AC Milan<\/strong> n\u2019est<br \/>\npas parvenu \u00e0 se qualifier pour une Coupe d\u2019Europe la saison<br \/>\nprochaine apr\u00e8s une d\u00e9cevante 8e place en <strong>Serie A<\/strong><br \/>\net une d\u00e9faite en finale de la <strong>Coupe d\u2019Italie<\/strong> face<br \/>\n\u00e0 <strong>Bologne<\/strong> (1-0).<\/p>\n","protected":false},"excerpt":{"rendered":"Image : psg.fr Sous contrat jusqu\u2019en 2028 avec le PSG, Gon\u00e7alo Ramos pourrait \u00eatre amen\u00e9 \u00e0 quitter les&hellip;\n","protected":false},"author":2,"featured_media":259928,"comment_status":"","ping_status":"","sticky":false,"template":"","format":"standard","meta":{"footnotes":""},"categories":[1410],"tags":[30513,18831,81,787,63,1011,27,86,1434,1435,91,92,93,94,67,60,96],"class_list":{"0":"post-259927","1":"post","2":"type-post","3":"status-publish","4":"format-standard","5":"has-post-thumbnail","7":"category-football","8":"tag-ac-milan","9":"tag-attaquant-psg","10":"tag-canal-supporters","11":"tag-cs","12":"tag-football","13":"tag-fr","14":"tag-france","15":"tag-goncalo-ramos","16":"tag-mercato","17":"tag-mercato-psg","18":"tag-paris-saint-germain","19":"tag-paris-sg","20":"tag-psg","21":"tag-ramos-psg","22":"tag-serie-a","23":"tag-sports","24":"tag-une"},"share_on_mastodon":{"url":"https:\/\/pubeurope.com\/@fr\/114882643492109152","error":""},"_links":{"self":[{"href":"https:\/\/www.europesays.com\/fr\/wp-json\/wp\/v2\/posts\/259927","targetHints":{"allow":["GET"]}}],"collection":[{"href":"https:\/\/www.europesays.com\/fr\/wp-json\/wp\/v2\/posts"}],"about":[{"href":"https:\/\/www.europesays.com\/fr\/wp-json\/wp\/v2\/types\/post"}],"author":[{"embeddable":true,"href":"https:\/\/www.europesays.com\/fr\/wp-json\/wp\/v2\/users\/2"}],"replies":[{"embeddable":true,"href":"https:\/\/www.europesays.com\/fr\/wp-json\/wp\/v2\/comments?post=259927"}],"version-history":[{"count":0,"href":"https:\/\/www.europesays.com\/fr\/wp-json\/wp\/v2\/posts\/259927\/revisions"}],"wp:featuredmedia":[{"embeddable":true,"href":"https:\/\/www.europesays.com\/fr\/wp-json\/wp\/v2\/media\/259928"}],"wp:attachment":[{"href":"https:\/\/www.europesays.com\/fr\/wp-json\/wp\/v2\/media?parent=259927"}],"wp:term":[{"taxonomy":"category","embeddable":true,"href":"https:\/\/www.europesays.com\/fr\/wp-json\/wp\/v2\/categories?post=259927"},{"taxonomy":"post_tag","embeddable":true,"href":"https:\/\/www.europesays.com\/fr\/wp-json\/wp\/v2\/tags?post=259927"}],"curies":[{"name":"wp","href":"https:\/\/api.w.org\/{rel}","templated":true}]}}