{"id":259929,"date":"2025-07-20T00:06:10","date_gmt":"2025-07-20T00:06:10","guid":{"rendered":"https:\/\/www.europesays.com\/fr\/259929\/"},"modified":"2025-07-20T00:06:10","modified_gmt":"2025-07-20T00:06:10","slug":"secret-story-coup-de-theatre-mayer-abandonne-juste-avant-la-finale","status":"publish","type":"post","link":"https:\/\/www.europesays.com\/fr\/259929\/","title":{"rendered":"Secret Story : coup de th\u00e9\u00e2tre, Mayer abandonne juste avant la finale"},"content":{"rendered":"<p>      R\u00e9sum\u00e9<\/p>\n<p>Mayer, favori de Secret Story, a surpris en quittant l&rsquo;aventure deux semaines avant la finale, une premi\u00e8re en treize saisons pour un abandon si tardif.<\/p>\n<p>        Sommaire<\/p>\n<p>C&rsquo;est un d\u00e9nouement que les fans de Secret Story n&rsquo;avaient pas pr\u00e9m\u00e9dit\u00e9. Ce samedi 19 juillet, Mayer a pris la d\u00e9cision de quitter le programme, <strong>deux semaines seulement avant la finale<\/strong>. Grand favori de la comp\u00e9tition depuis le d\u00e9but du jeu, le jeune homme portait le secret d&rsquo;avoir un QI sup\u00e9rieur \u00e0 136. Il formait<strong> un trio iconique avec Romy et Ethan<\/strong>, pl\u00e9biscit\u00e9 par les t\u00e9l\u00e9spectateurs.<\/p>\n<p>Apr\u00e8s deux nominations, desquelles il est sorti grand vainqueur, <strong>Mayer a finalement d\u00e9cid\u00e9 d&rsquo;abandonner<\/strong>. Depuis plusieurs heures, l&rsquo;inqui\u00e9tude montait chez les fans, qui constataient que le jeune homme n&rsquo;apparaissait plus dans le live. Une absence que beaucoup esp\u00e9raient fortuite : certains imaginaient Mayer en train de dormir, et <strong>d&rsquo;autres avec la psychologue de l&rsquo;\u00e9mission<\/strong>.<\/p>\n<p>Mayer a d\u00e9j\u00e0 quitt\u00e9 la maison des secrets<\/p>\n<p>Mais vers 17h50, le verdict est tomb\u00e9. Sur les r\u00e9seaux sociaux, la production a officialis\u00e9 l&rsquo;abandon de Mayer. \u00ab\u00a0Mayer a d\u00e9cid\u00e9 de quitter l&rsquo;aventure Secret Story. <strong>C&rsquo;est un choix qu&rsquo;il a m\u00fbrement r\u00e9fl\u00e9chi, et que nous respectons<\/strong>, ainsi que tous les habitants. Il a retrouv\u00e9 ses proches et tout va pour le mieux pour lui. Cette d\u00e9cision lui appartient et il s&rsquo;exprimera sur<strong> les raisons de son d\u00e9part<\/strong>\u00a0\u00bb a fait savoir Secret Story dans un communiqu\u00e9.<\/p>\n<p>Sur Instagram, <a href=\"https:\/\/www.public.fr\/secret-story-le-frere-jumeau-de-mayer-nest-pas-un-inconnu\" target=\"_blank\" rel=\"noopener\">Zack, le jumeau de Mayer<\/a>, a partag\u00e9 une story sur laquelle on voit son fr\u00e8re en fond flout\u00e9, en train d&rsquo;accorder une interview. Le jeune homme a tenu \u00e0 remercier toutes les personnes qui l&rsquo;ont soutenu ces derni\u00e8res semaines : \u00ab\u00a0<strong>MERCI pour ces cinq semaines de soutien sans rel\u00e2che \u00e0 mon fr\u00e8re<\/strong>. Merci pour vos votes, vos messages\u2026 MERCI pour tout\u00a0\u00bb.<\/p>\n<p>Les abandons ont rythm\u00e9 le jeu \u00ab\u00a0Secret Story\u00a0\u00bb<\/p>\n<p><strong>Quelles raisons ont ainsi amen\u00e9 Mayer \u00e0 quitter le jeu \u00e0 quelques jours du grand final<\/strong> ? C&rsquo;est la premi\u00e8re fois, en treize saisons, qu&rsquo;un candidat abandonne le jeu aux portes de la demi-finale et de finale. Par le pass\u00e9, Nathalie en saison 2 avait d\u00fb abandonner pour raisons m\u00e9dicales. En saison 4, <strong>Marion, otage de Human Bomb<\/strong>, avait abandonn\u00e9 au bout de quelques jours. La saison suivante, Marie-Jos\u00e9e, ex-bonne-s\u0153ur, avait aussi abandonn\u00e9.<\/p>\n<p>En saison 6, <strong>Marie, championne internationale d&rsquo;\u00e9checs<\/strong>, avait jet\u00e9 l&rsquo;\u00e9ponge \u00e0 son tour. En saison 8, Joanna, <a href=\"https:\/\/www.public.fr\/joanna-secret-story-8-michael-jackson-avait-peur-de-la-jeune-femme\" target=\"_blank\" rel=\"noopener\">qui avait v\u00e9cu une histoire d&rsquo;amour<\/a> avec Micha\u00ebl Jackson, avait \u00e0 son tour abandonn\u00e9\u2026 Claudia avait aussi abandonn\u00e9 la saison suivante, et d\u00e9tenait jusqu&rsquo;alors le record de l&rsquo;abandon le plus tardif. La jeune femme avait en effet quitt\u00e9 le jeu au bout de cinq semaines de comp\u00e9tition. Depuis lors, les saisons 10, 11 et 12 <strong>n&rsquo;avaient \u00e9t\u00e9 touch\u00e9es par aucun abandon<\/strong>. Mayer en a choisi autrement&#8230;<\/p>\n<p>      Mentionn\u00e9s dans cet article<\/p>\n<p>\u00c0 lire aussi<\/p>\n","protected":false},"excerpt":{"rendered":"R\u00e9sum\u00e9 Mayer, favori de Secret Story, a surpris en quittant l&rsquo;aventure deux semaines avant la finale, une premi\u00e8re&hellip;\n","protected":false},"author":2,"featured_media":259930,"comment_status":"","ping_status":"","sticky":false,"template":"","format":"standard","meta":{"footnotes":""},"categories":[1359],"tags":[58,59,1011,27,22247,973,29901],"class_list":{"0":"post-259929","1":"post","2":"type-post","3":"status-publish","4":"format-standard","5":"has-post-thumbnail","7":"category-people","8":"tag-divertissement","9":"tag-entertainment","10":"tag-fr","11":"tag-france","12":"tag-mayer","13":"tag-people","14":"tag-secret-story"},"share_on_mastodon":{"url":"https:\/\/pubeurope.com\/@fr\/114882647331111435","error":""},"_links":{"self":[{"href":"https:\/\/www.europesays.com\/fr\/wp-json\/wp\/v2\/posts\/259929","targetHints":{"allow":["GET"]}}],"collection":[{"href":"https:\/\/www.europesays.com\/fr\/wp-json\/wp\/v2\/posts"}],"about":[{"href":"https:\/\/www.europesays.com\/fr\/wp-json\/wp\/v2\/types\/post"}],"author":[{"embeddable":true,"href":"https:\/\/www.europesays.com\/fr\/wp-json\/wp\/v2\/users\/2"}],"replies":[{"embeddable":true,"href":"https:\/\/www.europesays.com\/fr\/wp-json\/wp\/v2\/comments?post=259929"}],"version-history":[{"count":0,"href":"https:\/\/www.europesays.com\/fr\/wp-json\/wp\/v2\/posts\/259929\/revisions"}],"wp:featuredmedia":[{"embeddable":true,"href":"https:\/\/www.europesays.com\/fr\/wp-json\/wp\/v2\/media\/259930"}],"wp:attachment":[{"href":"https:\/\/www.europesays.com\/fr\/wp-json\/wp\/v2\/media?parent=259929"}],"wp:term":[{"taxonomy":"category","embeddable":true,"href":"https:\/\/www.europesays.com\/fr\/wp-json\/wp\/v2\/categories?post=259929"},{"taxonomy":"post_tag","embeddable":true,"href":"https:\/\/www.europesays.com\/fr\/wp-json\/wp\/v2\/tags?post=259929"}],"curies":[{"name":"wp","href":"https:\/\/api.w.org\/{rel}","templated":true}]}}