{"id":259931,"date":"2025-07-20T00:08:20","date_gmt":"2025-07-20T00:08:20","guid":{"rendered":"https:\/\/www.europesays.com\/fr\/259931\/"},"modified":"2025-07-20T00:08:20","modified_gmt":"2025-07-20T00:08:20","slug":"ces-lieux-qui-ont-inspire-des-livres-de-jules-cesar-a-valerie-perrin-panorama-de-quelques-best-sellers-ecrits-en-saone-et-loire","status":"publish","type":"post","link":"https:\/\/www.europesays.com\/fr\/259931\/","title":{"rendered":"Ces lieux qui ont inspir\u00e9 des livres. De Jules C\u00e9sar \u00e0 Val\u00e9rie Perrin, panorama de quelques best-sellers \u00e9crits en Sa\u00f4ne-et-Loire"},"content":{"rendered":"<p>La liste des best-sellers \u00e9crits en Sa\u00f4ne-et-Loire commence fort, par Jules C\u00e9sar lui-m\u00eame.<\/p>\n<p>Le proconsul romain a pass\u00e9 quelques semaines \u00e0 Bibracte, capitale des Eduens situ\u00e9e sur le mont Beuvray.<\/p>\n<p>Profitant de ce s\u00e9jour il a r\u00e9dig\u00e9 quelques chapitres de De Bello gallico , la Guerre des Gaules.<\/p>\n<p>Un r\u00e9cit de ses campagnes contre les Gaulois entre 58 et 51 avant J.C. dont la bataille contre les Helv\u00e8tes qu\u2019il va d\u00e9cimer aux abords de Bibracte.<\/p>\n<p>L\u2019histoire \u00e9ditoriale de Suite fran\u00e7aise est aussi \u00e9tonnante que la destin\u00e9e de son autrice est tragique. N\u00e9e \u00e0 Kiev, Ir\u00e8ne N\u00e9mirovsky est une autrice reconnue quand \u00e9clate la Seconde Guerre mondiale. Elle vit \u00e0 Paris en compagnie de son mari, Michel Epstein et de ses deux filles qui ont pour nounou, une femme originaire d\u2019Issy-l\u2019\u00c9v\u00eaque.<\/p>\n<p>Elle d\u00e9cide de s\u2019y r\u00e9fugier en famille en juin\u00a01940 pensant y \u00eatre \u00e0 l\u2019abri. Elle r\u00e9dige des nouvelles et des romans \u00e0 Issy-l\u2019\u00c9v\u00eaque dont les premiers tomes de Suite fran\u00e7aise. Le manuscrit confi\u00e9 \u00e0 ses filles juste avant sa d\u00e9portation va rester dans une valise bien longtemps apr\u00e8s la disparition de leur m\u00e8re.<\/p>\n<p>D\u00e9nonc\u00e9e en juillet\u00a01942, elle n\u2019a pas le temps de terminer son \u0153uvre dans laquelle elle \u00e9gratigne un peu les habitants.<\/p>\n<p>Arr\u00eat\u00e9e par les gendarmes de Toulon-sur-Arroux, d\u00e9port\u00e9e, elle meurt \u00e0 Auschwitz en ao\u00fbt\u00a01942.<\/p>\n<p>Les petites quittent le Morvan avec la valise contenant le manuscrit et ne vont pas le lire avant les ann\u00e9es 90. Suite fran\u00e7aise para\u00eet en septembre\u00a02004 et le succ\u00e8s est imm\u00e9diat. L\u2019ouvrage est traduit dans 38 langues et Ir\u00e8ne N\u00e9mirovsky devient la seule autrice r\u00e9compens\u00e9e par un Renaudot posthume.<\/p>\n<p>\u00c0 Issy-l\u2019\u00c9v\u00eaque, on se souvient toujours de l\u2019autrice, panneaux et sentier litt\u00e9raire lui rendent hommage.<\/p>\n<p>En 2022, St\u00e9phane Carlier publie Clara lit Proust, le r\u00e9cit d\u2019une jeune coiffeuse que la lecture des \u0153uvres de Proust transporte dans un autre monde.<\/p>\n<p>La petite coiffeuse changera de vie \u00e0 l\u2019issue de ce livre \u00e9crit \u00e0 Chalon-sur-Sa\u00f4ne et qui parle de la ville et de son festival international des arts de la rue.<\/p>\n<p>Agathe Ruga alias Ariane n\u2019aurait pas d\u00fb tomber raide dingue de Sandro, de dix ans son cadet. Toute jeune maman, la dentiste chalonnaise voit en ce bad boy, l\u2019homme qu\u2019elle a envie d\u2019aimer au risque de tout d\u00e9truire.<\/p>\n<p>Ariane traque Sandro dans les rues de Chalon autour de la cath\u00e9drale Saint-Vincent car Sandro y g\u00e8re un bar \u00e0 vins dans L\u2019 homme que je ne devais pas aimer.<\/p>\n<p>Un roman comme un cocktail, un zeste de fiction, beaucoup de r\u00e9alit\u00e9. Photo\u00a0Meriem Souissi<\/p>\n<p>        &#13;<br \/>\n          <a href=\"https:\/\/cdn-s-www.lejsl.com\/images\/c53766f3-e03d-4583-aee1-ff96a4df8951\/NW_raw\/le-pere-et-l-oncle-de-valerie-perrin-ont-ete-joueurs-semi-professionnel-au-fc-gueugnon-photo-guillaume-segaud-1752858548.jpg\" title=\"Le p\u00e8re et l&#039;oncle de Val\u00e9rie Perrin ont \u00e9t\u00e9 joueurs semi-professionnel au FC Gueugnon. Photo Guillaume Segaud.\" class=\"chocolat-image GA-tracking\" data-ga_type=\"click\" data-ga_category=\"D\u00e9tail\" data-ga_action=\"zoomer\" data-ga_label=\"agrandir image\" rel=\"nofollow noopener\" target=\"_blank\">&#13;<br \/>\n            <img loading=\"lazy\" decoding=\"async\" src=\"https:\/\/www.europesays.com\/fr\/wp-content\/uploads\/2025\/07\/le-pere-et-l-oncle-de-valerie-perrin-ont-ete-joueurs-semi-professionnel-au-fc-gueugnon-photo-guillau.jpeg\" alt=\"Le p\u00e8re et l'oncle de Val\u00e9rie Perrin ont \u00e9t\u00e9 joueurs semi-professionnel au FC Gueugnon. Photo Guillaume Segaud.\"\/>&#13;<br \/>\n          <\/a>&#13;<br \/>\n          &#13;<\/p>\n<p class=\"insetTitle\">Tata de Val\u00e9rie Perrin &#8211; Le monde des supporters de foot et un lourd secret<\/p>\n<p>Val\u00e9rie Perrin n\u2019en est pas \u00e0 son coup d\u2019essai litt\u00e9raire mais avec Tata, sorti \u00e0 la rentr\u00e9e litt\u00e9raire de septembre\u00a02024, elle frappe un grand coup. L\u2019histoire commence par un coup de t\u00e9l\u00e9phone de la gendarmerie de Gueugnon pour annoncer la mort de Collette Septembre \u00e0 sa ni\u00e8ce, Agn\u00e8s. Mais Colette est d\u00e9j\u00e0 enterr\u00e9e depuis trois ans. Qui est donc plac\u00e9 dans le cercueil\u00a0?<\/p>\n<p>Agn\u00e8s va remonter le fil et d\u00e9couvrir la vie peu commune de Colette. Une vie \u00e0 Gueugnon o\u00f9 plane un lourd silence, la pr\u00e9sence d\u2019un pr\u00e9dateur sexuel qui a fait de nombreuses victimes parmi les apprentis footballeurs.<\/p>\n<p>Une histoire h\u00e9las vraie, pr\u00e9cise l\u2019autrice.<\/p>\n","protected":false},"excerpt":{"rendered":"La liste des best-sellers \u00e9crits en Sa\u00f4ne-et-Loire commence fort, par Jules C\u00e9sar lui-m\u00eame. Le proconsul romain a pass\u00e9&hellip;\n","protected":false},"author":2,"featured_media":259932,"comment_status":"","ping_status":"","sticky":false,"template":"","format":"standard","meta":{"footnotes":""},"categories":[1357],"tags":[1379,1687,58,59,107,1011,27,1380,2410],"class_list":{"0":"post-259931","1":"post","2":"type-post","3":"status-publish","4":"format-standard","5":"has-post-thumbnail","7":"category-livres","8":"tag-books","9":"tag-culture-loisirs","10":"tag-divertissement","11":"tag-entertainment","12":"tag-fil-info","13":"tag-fr","14":"tag-france","15":"tag-livres","16":"tag-livres-bd"},"share_on_mastodon":{"url":"https:\/\/pubeurope.com\/@fr\/114882655427589510","error":""},"_links":{"self":[{"href":"https:\/\/www.europesays.com\/fr\/wp-json\/wp\/v2\/posts\/259931","targetHints":{"allow":["GET"]}}],"collection":[{"href":"https:\/\/www.europesays.com\/fr\/wp-json\/wp\/v2\/posts"}],"about":[{"href":"https:\/\/www.europesays.com\/fr\/wp-json\/wp\/v2\/types\/post"}],"author":[{"embeddable":true,"href":"https:\/\/www.europesays.com\/fr\/wp-json\/wp\/v2\/users\/2"}],"replies":[{"embeddable":true,"href":"https:\/\/www.europesays.com\/fr\/wp-json\/wp\/v2\/comments?post=259931"}],"version-history":[{"count":0,"href":"https:\/\/www.europesays.com\/fr\/wp-json\/wp\/v2\/posts\/259931\/revisions"}],"wp:featuredmedia":[{"embeddable":true,"href":"https:\/\/www.europesays.com\/fr\/wp-json\/wp\/v2\/media\/259932"}],"wp:attachment":[{"href":"https:\/\/www.europesays.com\/fr\/wp-json\/wp\/v2\/media?parent=259931"}],"wp:term":[{"taxonomy":"category","embeddable":true,"href":"https:\/\/www.europesays.com\/fr\/wp-json\/wp\/v2\/categories?post=259931"},{"taxonomy":"post_tag","embeddable":true,"href":"https:\/\/www.europesays.com\/fr\/wp-json\/wp\/v2\/tags?post=259931"}],"curies":[{"name":"wp","href":"https:\/\/api.w.org\/{rel}","templated":true}]}}