{"id":259933,"date":"2025-07-20T00:09:10","date_gmt":"2025-07-20T00:09:10","guid":{"rendered":"https:\/\/www.europesays.com\/fr\/259933\/"},"modified":"2025-07-20T00:09:10","modified_gmt":"2025-07-20T00:09:10","slug":"donald-trump-ravi-de-larret-du-late-show-de-stephen-colbert","status":"publish","type":"post","link":"https:\/\/www.europesays.com\/fr\/259933\/","title":{"rendered":"Donald Trump \u00ab\u00a0ravi\u00a0\u00bb de l\u2019arr\u00eat du \u00ab\u00a0Late Show\u00a0\u00bb de Stephen Colbert"},"content":{"rendered":"<p>Une triste nouvelle pour les t\u00e9l\u00e9spectateurs am\u00e9ricains, pas pour <a href=\"https:\/\/www.20minutes.fr\/dossier\/donald_trump\" class=\"color-ultramarine c-link\" target=\"_blank\" rel=\"noopener\">Donald Trump<\/a>\u00a0! \u00ab\u00a0Je suis absolument ravi que <a href=\"https:\/\/www.20minutes.fr\/television\/1682595-20150909-video-humoriste-stephen-colbert-joue-decalage-debuts-late-show\" class=\"color-ultramarine c-link\" target=\"_blank\" rel=\"noopener\">Colbert<\/a> ait \u00e9t\u00e9 vir\u00e9\u00a0\u00bb, a-t-il d\u00e9clar\u00e9 dans un post publi\u00e9 sur <a href=\"https:\/\/truthsocial.com\/@realDonaldTrump\/posts\/114874422468516376\" rel=\"nofollow noopener\" target=\"_blank\" class=\"color-ultramarine c-link\">Truth Social<\/a>. \u00ab\u00a0L\u2019ann\u00e9e prochaine sera notre derni\u00e8re saison, la cha\u00eene mettra fin \u00e0 l\u2019\u00e9mission en mai\u00a0\u00bb, a indiqu\u00e9 jeudi soir l\u2019animateur du \u00ab\u00a0Late Show with Stephen Colbert\u00a0\u00bb, sous les hu\u00e9es et les cris d\u2019incr\u00e9dulit\u00e9 du public dans les studios de New York.<\/p>\n<p>Des raisons \u00ab\u00a0purement financi\u00e8res\u00a0\u00bb, selon Paramount<\/p>\n<p>Le talk-show a \u00e9t\u00e9 supprim\u00e9 pour des raisons \u00ab\u00a0purement financi\u00e8res\u00a0\u00bb, selon son diffuseur CBS. Lanc\u00e9 en\u00a01993 avec David Letterman, l\u2019humoriste am\u00e9ricain avait pris sa suite en\u00a02015.<\/p>\n<p>Pour le pr\u00e9sident am\u00e9ricain, \u00ab\u00a0son talent est inf\u00e9rieur \u00e0 ses audiences\u00a0\u00bb. Et d\u2019ajouter\u00a0: \u00ab\u00a0J\u2019ai entendu dire que Jimmy Kimmel \u00e9tait le prochain. Il a encore moins de talent que Colbert\u00a0!\u00a0\u00bb.<\/p>\n<p>Selon l\u2019institut Nielsen, dans la cat\u00e9gorie des \u00ab\u00a0late shows\u00a0\u00bb dont la diffusion d\u00e9bute apr\u00e8s 23h30, Stephen Colbert dominait largement la concurrence au premier trimestre\u00a02025 avec pr\u00e8s de 2,4\u00a0millions de t\u00e9l\u00e9spectateurs, devant celles de ses rivaux Jimmy Kimmel (ABC\/1,8\u00a0million) et Jimmy Fallon (NBC\/1,2\u00a0million).<\/p>\n<\/p>\n<p>Un cas de \u00ab\u00a0censure\u00a0\u00bb, selon les r\u00e9seaux sociaux<\/p>\n<p>Sur les r\u00e9seaux sociaux les r\u00e9actions ont fus\u00e9, plusieurs y voyant un cas de \u00ab\u00a0censure\u00a0\u00bb, appelant \u00e0 boycotter Paramount. D\u2019autres, conservateurs, se sont f\u00e9licit\u00e9s de la fin d\u2019une \u00e9mission de \u00ab\u00a0propagande\u00a0\u00bb de gauche.<\/p>\n<p>Sourire moqueur, \u00e9ternelles lunettes \u00e0 monture noire, Stephen Colbert, 61 ans, avait qualifi\u00e9 lundi \u00e0 l\u2019antenne de \u00ab\u00a0gros pot-de-vin\u00a0\u00bb le versement par Paramount, maison m\u00e8re de CBS, de 16\u00a0millions de dollars \u00e0 Donald Trump pour r\u00e9gler un contentieux avec la cha\u00eene qu\u2019il accusait d\u2019avoir \u00e9dit\u00e9 l\u2019an dernier une interview de Kamala Harris pour la valoriser.<\/p>\n<p>\u00ab\u00a0CBS a annul\u00e9 l\u2019\u00e9mission de Colbert seulement TROIS JOURS apr\u00e8s que Colbert a d\u00e9nonc\u00e9\u00a0\u00bb un accord \u00ab\u00a0qui ressemble \u00e0 de la corruption\u00a0\u00bb, a ainsi \u00e9crit la s\u00e9natrice d\u00e9mocrate Elizabeth Warren, qui pointe des \u00ab\u00a0raisons politiques\u00a0\u00bb. \u00ab\u00a0Si Paramount et CBS ont mis fin au \u201cLate Show\u201d pour des raisons politiques, le public doit savoir\u00a0\u00bb, a rench\u00e9ri le s\u00e9nateur d\u00e9mocrate Adam Schiff.<\/p>\n<p>Un \u00ab\u00a0pot-de-vin\u00a0\u00bb pay\u00e9 par Paramount<\/p>\n<p>Le syndicat des sc\u00e9naristes am\u00e9ricains a dit soup\u00e7onner vendredi que la fin de cette \u00e9mission soit un \u00ab\u00a0pot-de-vin\u00a0\u00bb pay\u00e9 par Paramount, \u00ab\u00a0qui a sacrifi\u00e9 sa libert\u00e9 d\u2019expression pour s\u2019attirer les faveurs de l\u2019administration Trump afin d\u2019obtenir l\u2019approbation de sa fusion\u00a0\u00bb avec Skydance. Le syndicat a d\u2019ailleurs appel\u00e9 \u00e0 une enqu\u00eate de la procureure de New York sur de possibles \u00ab\u00a0malversations\u00a0\u00bb de Paramount dans ce dossier.<\/p>\n<p>Paramount est en n\u00e9gociations afin de conclure une fusion avec la soci\u00e9t\u00e9 de production Skydance, qui n\u00e9cessite l\u2019approbation de l\u2019Autorit\u00e9 de r\u00e9gulation des t\u00e9l\u00e9communications (FCC). Le patron de la FCC, Brendan Carr, nomm\u00e9 par le pr\u00e9sident am\u00e9ricain, avait d\u00e9j\u00e0 indiqu\u00e9 que le r\u00e8glement de la plainte d\u00e9pos\u00e9e par Donald Trump contre CBS serait un des \u00e9l\u00e9ments consid\u00e9r\u00e9s dans l\u2019\u00e9tude de cette fusion chiffr\u00e9e \u00e0 28\u00a0milliards de dollars.<\/p>\n<p>Vers la fin des \u00ab\u00a0late show\u00a0\u00bb am\u00e9ricains\u00a0?<\/p>\n<p>\u00ab\u00a0Je suis sous le choc comme tout le monde. Stephen est l\u2019une des personnes les plus brillantes et les plus dr\u00f4les \u00e0 avoir anim\u00e9. Je pensais vraiment que nos \u00e9missions allaient continuer pendant des ann\u00e9es\u00a0\u00bb, a comment\u00e9 sur Instagram <a href=\"https:\/\/www.20minutes.fr\/dossier\/jimmy_fallon\" class=\"color-ultramarine c-link\" target=\"_blank\" rel=\"noopener\">Jimmy Fallon<\/a>. \u00ab\u00a0Je t\u2019aime Stephen\u00a0\u00bb, a ajout\u00e9 <a href=\"https:\/\/www.20minutes.fr\/dossier\/jimmy_kimmel\" class=\"color-ultramarine c-link\" target=\"_blank\" rel=\"noopener\">Jimmy Kimmel <\/a>en invectivant CBS.<\/p>\n<p>Selon une \u00e9tude du cabinet sp\u00e9cialis\u00e9 Guideline, cit\u00e9e par le New York Times, les revenus publicitaires des \u00ab\u00a0late shows\u00a0\u00bb ont chut\u00e9 de 50\u00a0% depuis\u00a02018, pour passer de 439\u00a0millions \u00e0 220\u00a0millions de dollars, sur fond de migration des t\u00e9l\u00e9spectateurs vers les plateformes de streaming. Assiste-t-on au d\u00e9but de la fin des \u00ab\u00a0late shows\u00a0\u00bb am\u00e9ricains\u00a0?<\/p>\n","protected":false},"excerpt":{"rendered":"Une triste nouvelle pour les t\u00e9l\u00e9spectateurs am\u00e9ricains, pas pour Donald Trump\u00a0! \u00ab\u00a0Je suis absolument ravi que Colbert ait&hellip;\n","protected":false},"author":2,"featured_media":259934,"comment_status":"","ping_status":"","sticky":false,"template":"","format":"standard","meta":{"footnotes":""},"categories":[1356],"tags":[58,75,59,73,1011,27,39996,39997,252,1364],"class_list":{"0":"post-259933","1":"post","2":"type-post","3":"status-publish","4":"format-standard","5":"has-post-thumbnail","7":"category-television","8":"tag-divertissement","9":"tag-donald-trump","10":"tag-entertainment","11":"tag-etats-unis","12":"tag-fr","13":"tag-france","14":"tag-jimmy-fallon","15":"tag-jimmy-kimmel","16":"tag-television","17":"tag-tv"},"share_on_mastodon":{"url":"https:\/\/pubeurope.com\/@fr\/114882659202414213","error":""},"_links":{"self":[{"href":"https:\/\/www.europesays.com\/fr\/wp-json\/wp\/v2\/posts\/259933","targetHints":{"allow":["GET"]}}],"collection":[{"href":"https:\/\/www.europesays.com\/fr\/wp-json\/wp\/v2\/posts"}],"about":[{"href":"https:\/\/www.europesays.com\/fr\/wp-json\/wp\/v2\/types\/post"}],"author":[{"embeddable":true,"href":"https:\/\/www.europesays.com\/fr\/wp-json\/wp\/v2\/users\/2"}],"replies":[{"embeddable":true,"href":"https:\/\/www.europesays.com\/fr\/wp-json\/wp\/v2\/comments?post=259933"}],"version-history":[{"count":0,"href":"https:\/\/www.europesays.com\/fr\/wp-json\/wp\/v2\/posts\/259933\/revisions"}],"wp:featuredmedia":[{"embeddable":true,"href":"https:\/\/www.europesays.com\/fr\/wp-json\/wp\/v2\/media\/259934"}],"wp:attachment":[{"href":"https:\/\/www.europesays.com\/fr\/wp-json\/wp\/v2\/media?parent=259933"}],"wp:term":[{"taxonomy":"category","embeddable":true,"href":"https:\/\/www.europesays.com\/fr\/wp-json\/wp\/v2\/categories?post=259933"},{"taxonomy":"post_tag","embeddable":true,"href":"https:\/\/www.europesays.com\/fr\/wp-json\/wp\/v2\/tags?post=259933"}],"curies":[{"name":"wp","href":"https:\/\/api.w.org\/{rel}","templated":true}]}}