{"id":259938,"date":"2025-07-20T00:13:09","date_gmt":"2025-07-20T00:13:09","guid":{"rendered":"https:\/\/www.europesays.com\/fr\/259938\/"},"modified":"2025-07-20T00:13:09","modified_gmt":"2025-07-20T00:13:09","slug":"lom-touche-au-but-pour-un-attaquant-bresilien-vers-le-plus-gros-transfert-de-lhistoire-du-club","status":"publish","type":"post","link":"https:\/\/www.europesays.com\/fr\/259938\/","title":{"rendered":"l\u2019OM touche au but pour un attaquant br\u00e9silien, vers le plus gros transfert de l\u2019histoire du club ?"},"content":{"rendered":"<p>Selon plusieurs m\u00e9dias ce samedi, l\u2019Olympique de Marseille serait quasiment tomb\u00e9 d\u2019accord avec le Feyenoord Rotterdam pour le transfert d\u2019Igor Paixao, ailier gauche br\u00e9silien.<\/p>\n<p class=\"fig-paragraph\">L\u2019OM va casser sa tirelire. Apr\u00e8s<a href=\"http:\/\/www.lefigaro.fr\/sports\/football\/transferts\/aubameyang-vers-un-retour-a-l-om-veretout-devrait-signer-au-qatar-les-5-infos-mercato-du-jour-20250719\" target=\"_blank\" data-fig-type=\"NewsFlash\" rel=\"noopener\" data-gtm-custom-categorie=\"navigation\" data-gtm-custom-action=\"crossclick\" data-gtm-custom-label=\"Contextuel\" data-gtm-event=\"customEventSPE\" data-fig-domain=\"LEFIGARO\">\u00a0avoir conclu un accord avec Pierre-Emerick Aubameyang<\/a>, pour son retour au club avec un contrat de deux ans \u00e0 la cl\u00e9, l\u2019Olympique de Marseille s\u2019active encore. Selon les informations de\u00a0<a href=\"https:\/\/www.footmercato.net\/a2928946820223910559-accord-quasiment-trouve-entre-lom-et-feyenoord-pour-igor-paixao\" target=\"_blank\" rel=\"sponsored noopener\" data-gtm-custom-categorie=\"navigation\" data-gtm-custom-action=\"crossclick\" data-gtm-custom-label=\"Contextuel\" data-gtm-event=\"customEventSPE\">Foot Mercato<\/a> \u00a0ce samedi soir, confirm\u00e9es par le sp\u00e9cialiste Fabrizio Romano citant la presse br\u00e9silienne, le club olympien se serait quasiment entendu avec le Feyenoord Rotterdam pour le transfert d\u2019Igor Paixao (25 ans). L\u2019ailier gauche br\u00e9silien &#8211; priorit\u00e9 estivale des dirigeants marseillais pour remplacer\u00a0<a href=\"http:\/\/www.lefigaro.fr\/sports\/football\/italie\/mercato-l-inter-milan-officialise-l-arrivee-de-luis-henrique-20250607\" target=\"_blank\" data-fig-type=\"NewsFlash\" rel=\"noopener\" data-gtm-custom-categorie=\"navigation\" data-gtm-custom-action=\"crossclick\" data-gtm-custom-label=\"Contextuel\" data-gtm-event=\"customEventSPE\" data-fig-domain=\"LEFIGARO\">Luis Henrique (parti \u00e0 l\u2019Inter Milan)<\/a>\u00a0&#8211; esp\u00e8re rejoindre la Canebi\u00e8re depuis plusieurs semaines pour signer un contrat jusqu\u2019en 2030, indique le m\u00e9dia.<\/p>\n<p>Un transfert record \u00e0 35 millions d\u2019euros\u00a0?<\/p>\n<p class=\"fig-paragraph\">Encore fallait-il que l\u2019OM arrive \u00e0 convaincre son homologue n\u00e9erlandais de l\u00e2cher son attaquant. Ce qui serait presque fait. Pour cela, la direction marseillaise pourrait d\u00e9bourser jusqu\u2019\u00e0 35 millions d\u2019euros, bonus compris. Un tarif \u00e9lev\u00e9 qui ferait de Paixao le joueur le plus cher achet\u00e9 par le club dans son histoire, devant le Portugais Vitinha (32 millions d\u2019euros), recrut\u00e9 \u00e0 Braga en janvier 2023 puis refourgu\u00e9 au Genoa apr\u00e8s un passage rat\u00e9 du c\u00f4t\u00e9 du stade V\u00e9lodrome.<\/p>\n<p>                                    <a class=\"fig-a11y-skip a11y-hidden\" href=\"#fig-a11y-skip-main-inarticle\"><br \/>\n        Passer la publicit\u00e9<br \/>\n    <\/a><\/p>\n<p class=\"fig-paragraph\">Foot Mercato ajoute que seulement quelques d\u00e9tails seraient encore \u00e0 r\u00e9gler entre le Feyenoord et l\u2019OM pour boucler la transaction la semaine prochaine. Le Br\u00e9silien est, pendant ce temps-l\u00e0, rentr\u00e9 au pays pour soigner une blessure musculaire.<\/p>\n<p class=\"fig-paragraph\">En cas d\u2019issue positive, Igor Paixao &#8211; auteur de 16 buts et 10 passes d\u00e9cisives en 34 matchs de championnat n\u00e9erlandais la saison derni\u00e8re &#8211; deviendrait la quatri\u00e8me recrue phoc\u00e9enne de l\u2019\u00e9t\u00e9. Apr\u00e8s les d\u00e9fenseurs<a href=\"http:\/\/www.lefigaro.fr\/sports\/football\/transferts\/mercato-je-sais-que-l-om-va-m-aider-a-me-developper-lance-cj-egan-riley-jeune-defenseur-anglais-20250716\" target=\"_blank\" data-fig-type=\"NewsFlash\" rel=\"noopener\" data-gtm-custom-categorie=\"navigation\" data-gtm-custom-action=\"crossclick\" data-gtm-custom-label=\"Contextuel\" data-gtm-event=\"customEventSPE\" data-fig-domain=\"LEFIGARO\">\u00a0CJ Egan-Riley\u00a0<\/a>et Facundo Medina puis le milieu de terrain Angel Gomes, d\u00e9j\u00e0 pr\u00e9sents \u00e0 l\u2019entra\u00eenement sous les ordres de Roberto De Zerbi. \u00c0 moins que le revenant Aubameyang, lui aussi attendu \u00e0 Marseille, ne grille la politesse au Br\u00e9silien dans les jours \u00e0 venir&#8230;<\/p>\n","protected":false},"excerpt":{"rendered":"Selon plusieurs m\u00e9dias ce samedi, l\u2019Olympique de Marseille serait quasiment tomb\u00e9 d\u2019accord avec le Feyenoord Rotterdam pour le&hellip;\n","protected":false},"author":2,"featured_media":259939,"comment_status":"","ping_status":"","sticky":false,"template":"","format":"standard","meta":{"footnotes":""},"categories":[9],"tags":[1011,27,1176,60],"class_list":{"0":"post-259938","1":"post","2":"type-post","3":"status-publish","4":"format-standard","5":"has-post-thumbnail","7":"category-sports","8":"tag-fr","9":"tag-france","10":"tag-olympique-de-marseille","11":"tag-sports"},"share_on_mastodon":{"url":"https:\/\/pubeurope.com\/@fr\/114882674958140750","error":""},"_links":{"self":[{"href":"https:\/\/www.europesays.com\/fr\/wp-json\/wp\/v2\/posts\/259938","targetHints":{"allow":["GET"]}}],"collection":[{"href":"https:\/\/www.europesays.com\/fr\/wp-json\/wp\/v2\/posts"}],"about":[{"href":"https:\/\/www.europesays.com\/fr\/wp-json\/wp\/v2\/types\/post"}],"author":[{"embeddable":true,"href":"https:\/\/www.europesays.com\/fr\/wp-json\/wp\/v2\/users\/2"}],"replies":[{"embeddable":true,"href":"https:\/\/www.europesays.com\/fr\/wp-json\/wp\/v2\/comments?post=259938"}],"version-history":[{"count":0,"href":"https:\/\/www.europesays.com\/fr\/wp-json\/wp\/v2\/posts\/259938\/revisions"}],"wp:featuredmedia":[{"embeddable":true,"href":"https:\/\/www.europesays.com\/fr\/wp-json\/wp\/v2\/media\/259939"}],"wp:attachment":[{"href":"https:\/\/www.europesays.com\/fr\/wp-json\/wp\/v2\/media?parent=259938"}],"wp:term":[{"taxonomy":"category","embeddable":true,"href":"https:\/\/www.europesays.com\/fr\/wp-json\/wp\/v2\/categories?post=259938"},{"taxonomy":"post_tag","embeddable":true,"href":"https:\/\/www.europesays.com\/fr\/wp-json\/wp\/v2\/tags?post=259938"}],"curies":[{"name":"wp","href":"https:\/\/api.w.org\/{rel}","templated":true}]}}