{"id":25994,"date":"2025-04-15T06:00:35","date_gmt":"2025-04-15T06:00:35","guid":{"rendered":"https:\/\/www.europesays.com\/fr\/25994\/"},"modified":"2025-04-15T06:00:35","modified_gmt":"2025-04-15T06:00:35","slug":"le-pere-de-clemence-maries-au-premier-regard-redoute-un-nouvel-echec-pour-sa-fille-dans-laventure","status":"publish","type":"post","link":"https:\/\/www.europesays.com\/fr\/25994\/","title":{"rendered":"le p\u00e8re de Cl\u00e9mence (Mari\u00e9s au premier regard) redoute un nouvel \u00e9chec pour sa fille dans l\u2019aventure"},"content":{"rendered":"<p class=\"articleContent-meta\">\n        Dimanche 13 avril 2025 \u00e0 19:30 &#8211; par             Clara Pouvil<\/p>\n<p>                    Tweeter<\/p>\n<p>                    Partager sur Facebook<\/p>\n<p>                        <img decoding=\"async\" src=\"https:\/\/www.europesays.com\/fr\/wp-content\/uploads\/2025\/04\/1744696835_865_la-famille-de-clemence-rencontre-celle-de-son-potentiel-futur-epoux-dans-maries-au-premier-regard.jp.jpeg\" alt=\"Player Video\" class=\"player-applyRatio poster exclude-seedtag\"\/><\/p>\n<p>Ce lundi 14 avril 2025, dans l&rsquo;\u00e9pisode 7 de Mari\u00e9s au premier regard diffus\u00e9 sur M6 et disponible en avant-premi\u00e8re sur M6+, Cl\u00e9mence s&rsquo;appr\u00eate \u00e0 se marier. Mais cette nouvelle union inqui\u00e8te son papa qui craint qu&rsquo;elle n&rsquo;essuie un second refus apr\u00e8s sa premi\u00e8re participation \u00e0 l&rsquo;\u00e9mission la saison derni\u00e8re.<\/p>\n<p>Le 3 mars dernier, M6 a donn\u00e9 le coup d&rsquo;envoi de la neuvi\u00e8me saison in\u00e9dite de Mari\u00e9s au premier regard. Au casting, les t\u00e9l\u00e9spectateurs ont fait connaissance avec de nouveaux candidats d\u00e9sireux de trouver l&rsquo;amour. Parmi eux, <b>Coralie<\/b> qui s&rsquo;est <a href=\"https:\/\/www.programme.tv\/news\/tele-realite\/240692-coralie-maries-au-premier-regard-toujours-mariee-a-bruno-elle-partage-un-tendre-message-qui-en-dit-long\/\" target=\"_blank\" rel=\"noopener\">mari\u00e9e \u00e0 l&rsquo;aveugle<\/a> avec <b>Bruno<\/b>. Une premi\u00e8re dans l&rsquo;histoire de l&rsquo;\u00e9mission ! La production a aussi permis \u00e0 <a href=\"https:\/\/www.programme.tv\/news\/tele-realite\/240831-maries-au-premier-regard-clemence-va-t-elle-essuyer-un-deuxieme-non-de-la-part-de-son-pretendant-spoiler\/\" target=\"_blank\" rel=\"noopener\">une ancienne candidate<\/a> de retenter l&rsquo;aventure apr\u00e8s avoir v\u00e9cu un moment compliqu\u00e9 lors de sa premi\u00e8re participation \u00e0 l&rsquo;\u00e9mission. C&rsquo;est <b>Cl\u00e9mence<\/b> qui, souvenez-vous, avait essuy\u00e9 un refus <a href=\"https:\/\/www.programme.tv\/news\/tele-realite\/233897-elle-a-decide-de-partir-en-voyage-de-noces-comment-clemence-maries-au-premier-regard-a-t-elle-rebondi-apres-le-brutal-refus-de-romain-de-se-marier\/\" target=\"_blank\" rel=\"noopener\">de la part de Romain<\/a> le jour de <a href=\"https:\/\/www.programme.tv\/news\/tele-realite\/233884-il-m-a-propose-de-boire-un-verre-clemence-maries-au-premier-regard-revele-que-romain-a-tente-de-la-revoir-apres-avoir-refuse-de-se-marier\/\" target=\"_blank\" rel=\"noopener\">leur mariage \u00e0 Gibraltar<\/a>. Un douloureux souvenir pour elle qui a assur\u00e9 aux deux expertes <b>Estelle Dossin<\/b> et <b>Marie Tapernoux<\/b> \u00eatre toujours \u00e0 la recherche de son \u00ab\u00a0petit mari\u00a0\u00bb. Elles lui ont annonc\u00e9 une bonne nouvelle, \u00e0 savoir qu&rsquo;elles lui ont trouv\u00e9 un homme compatible avec elle \u00e0 <b>81%<\/b>. \u00ab\u00a0C&rsquo;est quelqu&rsquo;un que j&rsquo;aime beaucoup, de tr\u00e8s, tr\u00e8s humain\u00a0\u00bb, a soulign\u00e9 Estelle Dossin.<\/p>\n<p>Mari\u00e9s au premier regard : Cl\u00e9mence pr\u00eate \u00e0 retenter l&rsquo;exp\u00e9rience, son p\u00e8re inquiet pour elle<\/p>\n<p>Ce lundi 14 avril 2025, dans l&rsquo;\u00e9pisode 7 de Mari\u00e9s au premier regard diffus\u00e9 sur M6 et d\u00e9j\u00e0 disponible sur <a href=\"https:\/\/www.m6.fr\/maries-au-premier-regard-p_6286\/episode-7-partie-1-c_13119055\" target=\"_blank\" rel=\"noopener\">M6+<\/a>, <b>Cl\u00e9mence s&rsquo;appr\u00eate \u00e0 voir son futur mari pour la premi\u00e8re fois lors de son second mariage \u00e0 Gibraltar<\/b>. Dans cette nouvelle exp\u00e9rience, elle peut compter sur ses proches, notamment sur son p\u00e8re, pas 100% serein de la voir retenter le coup. \u00ab\u00a0C&rsquo;est vraiment une sacr\u00e9e charge apr\u00e8s le refus du premier. Il ne faut pas qu&rsquo;elle tombe sur quelqu&rsquo;un qui dise non\u00a0\u00bb, a-t-il confi\u00e9. Comme lui, son amie Leila n&rsquo;est pas sereine. \u00ab\u00a0Cette fois-ci, faut que \u00e7a marche\u00a0\u00bb, a-t-elle exprim\u00e9.<\/p>\n<p>                                    Cl\u00e9mence (Mari\u00e9s au premier regard) rassur\u00e9e par son papa malgr\u00e9 son inqui\u00e9tude de la voir retenter l&rsquo;aventure<\/p>\n<p>Dans la voiture qui l&rsquo;am\u00e8ne \u00e0 l&rsquo;autel, Cl\u00e9mence n&rsquo;a pas manqu\u00e9 de se livrer sur son ressenti. \u00ab\u00a0J&rsquo;ai un peu le coeur qui palpite (&#8230;) C&rsquo;est un lieu qui n&rsquo;a pas \u00e9t\u00e9 tr\u00e8s positif et tu reviens quand m\u00eame pour rencontrer une nouvelle personne\u00a0\u00bb, a-t-elle dit. De son c\u00f4t\u00e9, son papa a tent\u00e9 de la rassurer, mais une fois seul, il a une nouvelle fois exprim\u00e9 son inqui\u00e9tude. \u00ab\u00a0<b>Revenir une deuxi\u00e8me fois ici, \u00e7a fait quelque chose. C&rsquo;est vrai que je suis un peu inquiet, j&rsquo;ai peur que \u00e7a ne le fasse pas<\/b>\u00ab\u00a0, a-t-il fait savoir.<\/p>\n<p>Rejoignez-nous sur Google News !<\/p>\n<p class=\"articleContent-pushTagline\">Abonnez-vous \u00e0 <a href=\"https:\/\/news.google.com\/publications\/CAAiEJwr-IZFXDFoZD1ePbkC_VcqFAgKIhCcK_iGRVwxaGQ9Xj25Av1X\" target=\"_blank\" rel=\"noopener\">T\u00e9l\u00e9 2 semaines sur Google News<\/a> pour ne manquer aucune info !<\/p>\n","protected":false},"excerpt":{"rendered":"Dimanche 13 avril 2025 \u00e0 19:30 &#8211; par Clara Pouvil Tweeter Partager sur Facebook Ce lundi 14 avril&hellip;\n","protected":false},"author":2,"featured_media":25995,"comment_status":"","ping_status":"","sticky":false,"template":"","format":"standard","meta":{"footnotes":""},"categories":[1356],"tags":[58,59,1011,27,494,5214,252,3604,1364,1630],"class_list":{"0":"post-25994","1":"post","2":"type-post","3":"status-publish","4":"format-standard","5":"has-post-thumbnail","7":"category-television","8":"tag-divertissement","9":"tag-entertainment","10":"tag-fr","11":"tag-france","12":"tag-m6","13":"tag-mariu00e9s-au-premier-regard","14":"tag-television","15":"tag-tu00e9lu00e9-ru00e9alitu00e9","16":"tag-tv","17":"tag-zapping"},"share_on_mastodon":{"url":"https:\/\/pubeurope.com\/@fr\/114340457693711438","error":""},"_links":{"self":[{"href":"https:\/\/www.europesays.com\/fr\/wp-json\/wp\/v2\/posts\/25994","targetHints":{"allow":["GET"]}}],"collection":[{"href":"https:\/\/www.europesays.com\/fr\/wp-json\/wp\/v2\/posts"}],"about":[{"href":"https:\/\/www.europesays.com\/fr\/wp-json\/wp\/v2\/types\/post"}],"author":[{"embeddable":true,"href":"https:\/\/www.europesays.com\/fr\/wp-json\/wp\/v2\/users\/2"}],"replies":[{"embeddable":true,"href":"https:\/\/www.europesays.com\/fr\/wp-json\/wp\/v2\/comments?post=25994"}],"version-history":[{"count":0,"href":"https:\/\/www.europesays.com\/fr\/wp-json\/wp\/v2\/posts\/25994\/revisions"}],"wp:featuredmedia":[{"embeddable":true,"href":"https:\/\/www.europesays.com\/fr\/wp-json\/wp\/v2\/media\/25995"}],"wp:attachment":[{"href":"https:\/\/www.europesays.com\/fr\/wp-json\/wp\/v2\/media?parent=25994"}],"wp:term":[{"taxonomy":"category","embeddable":true,"href":"https:\/\/www.europesays.com\/fr\/wp-json\/wp\/v2\/categories?post=25994"},{"taxonomy":"post_tag","embeddable":true,"href":"https:\/\/www.europesays.com\/fr\/wp-json\/wp\/v2\/tags?post=25994"}],"curies":[{"name":"wp","href":"https:\/\/api.w.org\/{rel}","templated":true}]}}