{"id":259943,"date":"2025-07-20T00:16:11","date_gmt":"2025-07-20T00:16:11","guid":{"rendered":"https:\/\/www.europesays.com\/fr\/259943\/"},"modified":"2025-07-20T00:16:11","modified_gmt":"2025-07-20T00:16:11","slug":"incongruites-paradoxes-et-aberrations-plongee-dans-le-maquis-des-niches-fiscales","status":"publish","type":"post","link":"https:\/\/www.europesays.com\/fr\/259943\/","title":{"rendered":"Incongruit\u00e9s, paradoxes et aberrations&#8230; Plong\u00e9e dans le maquis des niches fiscales"},"content":{"rendered":"<p class=\"paragraph text_align_left lp-f-body-02\">Dans sa qu\u00eate de 44 milliards d\u2019euros d\u2019\u00e9conomie, <a href=\"https:\/\/www.leparisien.fr\/politique\/francois-bayrou\/\" target=\"_blank\" rel=\"noreferrer noopener\">Fran\u00e7ois Bayrou<\/a> n\u2019a pas tout pr\u00e9cis\u00e9. Reste un dossier \u00e0 ouvrir en grand : celui des niches fiscales. Lors de <a href=\"https:\/\/www.leparisien.fr\/politique\/budget-2026-le-traitement-choc-de-bayrou-15-07-2025-VBFDMH4TCNESFKPPOWJN6BMKM4.php\" target=\"_blank\" rel=\"noreferrer noopener\">sa conf\u00e9rence de presse sur le budget 2026<\/a>, mardi 15 juillet, le Premier ministre a assur\u00e9 que \u00ab la chasse aux niches fiscales inutiles et inefficaces \u00bb sera lanc\u00e9e, mais sans dire lesquelles ni quand.<\/p>\n<p class=\"paragraph text_align_left lp-f-body-02\">S\u2019attaquer aux cadeaux fiscaux dont profitent les professionnels et m\u00e9nages est un vieux serpent de mer. Chaque gouvernement ou presque promet de s\u2019y atteler, avec des r\u00e9sultats rarement probants.<\/p>\n","protected":false},"excerpt":{"rendered":"Dans sa qu\u00eate de 44 milliards d\u2019euros d\u2019\u00e9conomie, Fran\u00e7ois Bayrou n\u2019a pas tout pr\u00e9cis\u00e9. Reste un dossier \u00e0&hellip;\n","protected":false},"author":2,"featured_media":259944,"comment_status":"","ping_status":"","sticky":false,"template":"","format":"standard","meta":{"footnotes":""},"categories":[6],"tags":[35,33,34,1011,27,342],"class_list":{"0":"post-259943","1":"post","2":"type-post","3":"status-publish","4":"format-standard","5":"has-post-thumbnail","7":"category-economie","8":"tag-business","9":"tag-economie","10":"tag-economy","11":"tag-fr","12":"tag-france","13":"tag-impots"},"share_on_mastodon":{"url":"https:\/\/pubeurope.com\/@fr\/114882686714044479","error":""},"_links":{"self":[{"href":"https:\/\/www.europesays.com\/fr\/wp-json\/wp\/v2\/posts\/259943","targetHints":{"allow":["GET"]}}],"collection":[{"href":"https:\/\/www.europesays.com\/fr\/wp-json\/wp\/v2\/posts"}],"about":[{"href":"https:\/\/www.europesays.com\/fr\/wp-json\/wp\/v2\/types\/post"}],"author":[{"embeddable":true,"href":"https:\/\/www.europesays.com\/fr\/wp-json\/wp\/v2\/users\/2"}],"replies":[{"embeddable":true,"href":"https:\/\/www.europesays.com\/fr\/wp-json\/wp\/v2\/comments?post=259943"}],"version-history":[{"count":0,"href":"https:\/\/www.europesays.com\/fr\/wp-json\/wp\/v2\/posts\/259943\/revisions"}],"wp:featuredmedia":[{"embeddable":true,"href":"https:\/\/www.europesays.com\/fr\/wp-json\/wp\/v2\/media\/259944"}],"wp:attachment":[{"href":"https:\/\/www.europesays.com\/fr\/wp-json\/wp\/v2\/media?parent=259943"}],"wp:term":[{"taxonomy":"category","embeddable":true,"href":"https:\/\/www.europesays.com\/fr\/wp-json\/wp\/v2\/categories?post=259943"},{"taxonomy":"post_tag","embeddable":true,"href":"https:\/\/www.europesays.com\/fr\/wp-json\/wp\/v2\/tags?post=259943"}],"curies":[{"name":"wp","href":"https:\/\/api.w.org\/{rel}","templated":true}]}}