{"id":259945,"date":"2025-07-20T00:17:10","date_gmt":"2025-07-20T00:17:10","guid":{"rendered":"https:\/\/www.europesays.com\/fr\/259945\/"},"modified":"2025-07-20T00:17:10","modified_gmt":"2025-07-20T00:17:10","slug":"elections-au-japon-un-jeune-parti-dextreme-droite-au-centre-de-lattention-mediapart","status":"publish","type":"post","link":"https:\/\/www.europesays.com\/fr\/259945\/","title":{"rendered":"\u00c9lections au Japon : un jeune parti d\u2019extr\u00eame droite au centre de l\u2019attention &#8211; Mediapart"},"content":{"rendered":"<ol>\n<li><a href=\"https:\/\/news.google.com\/rss\/articles\/CBMiyAFBVV95cUxQR1JtNEE3YUVEMDRPMWZKSFNyb0J5VktKYUFUdmFHdlBCN3A3NGxDQlh3Z3lQUUc3emtFVW5GcWNXLTBMOHBRRFlxdlBwOUtDRHNPd3RYTUtNX1JiOVhYZjloYkg4WENBcThuOTNNRVBsZ1g0MkRUNTZGNXAyckVPZ05IbEtzWTdfbXhUdjgtN3c5NTdZOHZtQ194VnVUVHd3WDRGRGlmR0tLZmM4MDBPR3FBSndEVU1oRlBKMEswQWQ5ZjFVQ0phRg?oc=5\" target=\"_blank\" rel=\"noopener\">\u00c9lections au Japon : un jeune parti d\u2019extr\u00eame droite au centre de l\u2019attention<\/a>&nbsp;&nbsp;Mediapart<\/li>\n<li><a href=\"https:\/\/news.google.com\/rss\/articles\/CBMi_wFBVV95cUxPZHpHS1hNTDFqUzlaU0ljUnYyQ0VaMm41eEMzeDhDT1VJSFVFZFhTY0VIeThSbEdiM05JRHBVVVQxREZQVDNSaGZObUdtLUxGUlNrRllwSVJiOElIcml5bWI3ZU1LWEZ3cjRnbHJUVG1YR25wc0FVVWFhZFpNVVFrZE9rUnJjTmJqWlpvUTUzd0hmR0Z0cUhwd0c1cnBmZE03OG9sU2RwRFQyb2ZsVG0zLXRpN1lrUTR0NVYwMVAzd0FSaW44c0ZGYmFPbjN4NUxIMTh4X3IweHJnQmIwM0EzZHFUNGR3SEo0czN1M09MZ3ZZTDFvUFlhM2VWWDM2a0k?oc=5\" target=\"_blank\" rel=\"noopener\">Japon: vague de x\u00e9nophobie, pouss\u00e9e par des partis ultra-conservateurs, avant les s\u00e9natoriales<\/a>&nbsp;&nbsp;RFI<\/li>\n<li><a href=\"https:\/\/news.google.com\/rss\/articles\/CBMinAJBVV95cUxONjVFdFJISVhWZlVhWHFtWVo4bEpYMGpFc0lUVDVQVmhMQWtzb2FaTlpITmlsUHpBb2RFMW4xbW1PR0dJZWNZWm9FLVNVd2N1REJoZlFCb1lJT2FEekxyS01ibUZKT21qdGVjZXVReUJKTndWR2VhQVUxa2pfQUJMM3hoN1Z2SFJmZUtCaWhMOXQwazlVeUVRRTlkVTE0aUZGTS00Rk8za0MtS3dta2x3cDFZeS1QYWFzN2pMUlZOa0ZRZzdhT3d4MnRjejBxS0dPNl9rWGk3bkdLNnRmc2x3ZFdraXlIRV9tUEhLMWZlMDZoMC1qdWNnWjFNbFhTeGZRcTJubDhkNEVUT2RoVXhHeGhCZlNsSTk2eFhOQQ?oc=5\" target=\"_blank\" rel=\"noopener\">Au Japon, le parti ultraconservateur Sanseito s\u2019impose sur l\u2019\u00e9chiquier politique en jouant de la d\u00e9fiance des \u00e9trangers<\/a>&nbsp;&nbsp;Le Monde.fr<\/li>\n<li><a href=\"https:\/\/news.google.com\/rss\/articles\/CBMitAFBVV95cUxOZ0M1WExJZ2xJZHYtTUVJUmw2ZEhWTjY5cldfZjlneDZJb0o2VGZnY2p0T0g0bmtTNnNmYWFBQ2lWWVlMWFpKX3JNQkVDdE1kQ3BraEhXMnlEYWp2S19ncHZKMzRYRHBTajBNQ01tTzVGRVUyelh6VzN0X056TUQ0cG4xWllxdE56al9CT2JpNTUwMmdQVUltbkRUeWRPVXFrNTh1TFhHaFRuRUtXNHdqVmlNZmQ?oc=5\" target=\"_blank\" rel=\"noopener\">Le discours anti-immigration gagne du terrain au Japon<\/a>&nbsp;&nbsp;Valeurs actuelles<\/li>\n<li><a href=\"https:\/\/news.google.com\/rss\/articles\/CBMiwwFBVV95cUxNMzJva01QczBzR1p5MTJFZV9zc3ZqM3FiZElYcV82RGRNd0VDeGtZMEZpaFZLUE9vVlNPMjY2akoyY0NWWG0tNHVIUHZJZHI3Z0RzN3NUUENSZUExdk14T0NaLWdjSUhtc1FCNGVGeXIzTWx4OFBKc1N6NDI2cm9iRWs3WmhENXczbDhxR3AxYmE0ZkVpcTQwbm15eGgwUEdUY2g4UDNFTTNoN0Nkc25idUh2enBuWlAyS3hUM0FGN191emM?oc=5\" target=\"_blank\" rel=\"noopener\">\u00abAu Japon, la pr\u00e9sence des \u00e9trangers sera l\u2019enjeu num\u00e9ro un des prochaines \u00e9lections\u00bb<\/a>&nbsp;&nbsp;Le Figaro<\/li>\n<\/ol>\n","protected":false},"excerpt":{"rendered":"\u00c9lections au Japon : un jeune parti d\u2019extr\u00eame droite au centre de l\u2019attention&nbsp;&nbsp;Mediapart Japon: vague de x\u00e9nophobie, pouss\u00e9e&hellip;\n","protected":false},"author":2,"featured_media":259946,"comment_status":"","ping_status":"","sticky":false,"template":"","format":"standard","meta":{"footnotes":""},"categories":[5],"tags":[11,11144,39998,1076,1011,27,14,2070,12,28],"class_list":{"0":"post-259945","1":"post","2":"type-post","3":"status-publish","4":"format-standard","5":"has-post-thumbnail","7":"category-international","8":"tag-actualites","9":"tag-asie-et-oceanie","10":"tag-elections-au-japon","11":"tag-extreme-droite","12":"tag-fr","13":"tag-france","14":"tag-international","15":"tag-japon","16":"tag-news","17":"tag-world"},"share_on_mastodon":{"url":"https:\/\/pubeurope.com\/@fr\/114882690674263545","error":""},"_links":{"self":[{"href":"https:\/\/www.europesays.com\/fr\/wp-json\/wp\/v2\/posts\/259945","targetHints":{"allow":["GET"]}}],"collection":[{"href":"https:\/\/www.europesays.com\/fr\/wp-json\/wp\/v2\/posts"}],"about":[{"href":"https:\/\/www.europesays.com\/fr\/wp-json\/wp\/v2\/types\/post"}],"author":[{"embeddable":true,"href":"https:\/\/www.europesays.com\/fr\/wp-json\/wp\/v2\/users\/2"}],"replies":[{"embeddable":true,"href":"https:\/\/www.europesays.com\/fr\/wp-json\/wp\/v2\/comments?post=259945"}],"version-history":[{"count":0,"href":"https:\/\/www.europesays.com\/fr\/wp-json\/wp\/v2\/posts\/259945\/revisions"}],"wp:featuredmedia":[{"embeddable":true,"href":"https:\/\/www.europesays.com\/fr\/wp-json\/wp\/v2\/media\/259946"}],"wp:attachment":[{"href":"https:\/\/www.europesays.com\/fr\/wp-json\/wp\/v2\/media?parent=259945"}],"wp:term":[{"taxonomy":"category","embeddable":true,"href":"https:\/\/www.europesays.com\/fr\/wp-json\/wp\/v2\/categories?post=259945"},{"taxonomy":"post_tag","embeddable":true,"href":"https:\/\/www.europesays.com\/fr\/wp-json\/wp\/v2\/tags?post=259945"}],"curies":[{"name":"wp","href":"https:\/\/api.w.org\/{rel}","templated":true}]}}