{"id":259947,"date":"2025-07-20T00:18:11","date_gmt":"2025-07-20T00:18:11","guid":{"rendered":"https:\/\/www.europesays.com\/fr\/259947\/"},"modified":"2025-07-20T00:18:11","modified_gmt":"2025-07-20T00:18:11","slug":"pour-bayrou-le-tour-de-france-nest-rien-a-cote-du-budget","status":"publish","type":"post","link":"https:\/\/www.europesays.com\/fr\/259947\/","title":{"rendered":"Pour Bayrou, le Tour de France n\u2019est rien \u00e0 c\u00f4t\u00e9 du budget"},"content":{"rendered":"<p>        <img decoding=\"async\" loading=\"lazy\" src=\"https:\/\/www.europesays.com\/fr\/wp-content\/uploads\/2025\/07\/b82fbec_upload-1-6fdambkrdjpg-afp-20250719-679g726-v1-highres-cyclingtdf2025stage14.jpg\"  width=\"728\" height=\"410\" alt=\"Le Premier ministre Fran\u00e7ois Bayrou \u00e9tait pr\u00e9sent ce 19\u00a0juillet 2025\u00a0au d\u00e9part de la 14e \u00e9tape du Tour de France \u00e0 Pau, ville dont il est toujours le maire.\"\/>  <\/p>\n<p>ANNE-CHRISTINE POUJOULAT \/ AFP<\/p>\n<p>Le Premier ministre Fran\u00e7ois Bayrou \u00e9tait pr\u00e9sent ce 19\u00a0juillet 2025\u00a0au d\u00e9part de la 14e \u00e9tape du Tour de France \u00e0 Pau, ville dont il est toujours le maire.<\/p>\n<p class=\"asset asset-text\">POLITIQUE &#8211; Pr\u00e9sent au d\u00e9part de la 14e \u00e9tape du<a href=\"https:\/\/www.huffingtonpost.fr\/sport\/article\/tour-de-france-quand-un-skieur-se-fait-tracter-dans-un-champ-de-ble-a-cote-des-coureurs_252713.html\" target=\"_blank\" rel=\"noopener\"> Tour de France<\/a> dans sa ville de Pau ce samedi 19\u00a0juillet, le Premier ministre <a href=\"https:\/\/www.huffingtonpost.fr\/politique\/article\/avec-son-budget-invendable-francois-bayrou-joue-t-il-au-poker-menteur_252624.html\" target=\"_blank\" rel=\"noopener\">Fran\u00e7ois Bayrou<\/a> n\u2019a pas pu \u00e9chapper aux questions sur son projet de budget pour 2026, pour lequel les oppositions le menacent de censure.<\/p>\n<p class=\"asset asset-text\">\u00ab\u00a0J\u2019ai une r\u00e8gle, je ne m\u00e9lange pas le Tour de France et la politique nationale\u00a0\u00bb, a d\u2019abord d\u00e9clar\u00e9 celui qui est rest\u00e9 maire de Pau malgr\u00e9 son arriv\u00e9e \u00e0 la t\u00eate du gouvernement. Mais face aux questions des journalistes, Fran\u00e7ois Bayrou s\u2019est quand m\u00eame lanc\u00e9 dans une m\u00e9taphore cycliste, quelques minutes avant l\u2019ascension du Tourmalet par les coureurs du Tour.<\/p>\n<p class=\"asset asset-text\">Le d\u00e9bat budg\u00e9taire \u00e0 venir, \u00ab\u00a0ce n\u2019est pas tout \u00e0 fait le Tour de France\u00a0\u00bb, mais plut\u00f4t \u00ab\u00a0l\u2019Himalaya\u00a0\u00bb, a-t-il plaisant\u00e9. Une comparaison qu\u2019il emploie r\u00e9guli\u00e8rement depuis son entr\u00e9e \u00e0 Matignon en d\u00e9cembre dernier.<\/p>\n<p>    \u00ab\u00a0Deux mois\u00a0\u00bb pour \u00ab\u00a0pr\u00e9ciser, affiner, r\u00e9pondre\u00a0\u00bb    <\/p>\n<p class=\"asset asset-text\">Le Premier ministre s\u2019est donn\u00e9 \u00ab\u00a0deux mois\u00a0\u00bb pour mettre un point final \u00e0 son plan de rigueur budg\u00e9taire pr\u00e9sent\u00e9 cette semaine, affirmant que l\u2019accroissement de la dette et du d\u00e9ficit de la France un \u00ab\u00a0danger mortel\u00a0\u00bb pour le pays. \u00ab\u00a0Il y aura probablement toutes sortes de prises de parole pour pr\u00e9ciser, affiner, r\u00e9pondre\u00a0\u00bb \u00e0 son projet de loi de finances, a-t-il d\u00e9clar\u00e9 sur BFMTV.<\/p>\n<p> La lecture de ce contenu est susceptible d\u2019entra\u00eener un d\u00e9p\u00f4t de cookies de la part de l\u2019op\u00e9rateur tiers qui l\u2019h\u00e9berge. Compte-tenu des choix que vous avez exprim\u00e9s en mati\u00e8re de d\u00e9p\u00f4t de cookies, nous avons bloqu\u00e9 l\u2019affichage de ce contenu. Si vous souhaitez y acc\u00e9der, vous devez accepter la cat\u00e9gorie de cookies \u201cContenus tiers\u201d en cliquant sur le bouton ci-dessous. <\/p>\n<p> Lire la Vid\u00e9o        <\/p>\n<p class=\"asset asset-text\">Fran\u00e7ois Bayrou avait convenu mardi en pr\u00e9sentant son plan qu\u2019il pourrait \u00ab\u00a0discuter\u00a0\u00bb avec les groupes parlementaires mais sans \u00ab\u00a0reculer\u00a0\u00bb sur les objectifs fix\u00e9s de r\u00e9duction du d\u00e9ficit, alors que son plan pr\u00e9voit pr\u00e8s de 44\u00a0milliards d\u2019\u00e9conomies en 2026.<\/p>\n<p class=\"asset asset-text\">Parmi les principales mesures, on retrouve notamment la suppression de deux jours f\u00e9ri\u00e9s, le gel des prestations sociales et des retraites, ou encore le gel des d\u00e9penses de l\u2019\u00c9tat sur l\u2019ann\u00e9e 2026, hors charge de la dette et\u00a0hors domaine de la d\u00e9fense.<\/p>\n","protected":false},"excerpt":{"rendered":"ANNE-CHRISTINE POUJOULAT \/ AFP Le Premier ministre Fran\u00e7ois Bayrou \u00e9tait pr\u00e9sent ce 19\u00a0juillet 2025\u00a0au d\u00e9part de la 14e&hellip;\n","protected":false},"author":2,"featured_media":259948,"comment_status":"","ping_status":"","sticky":false,"template":"","format":"standard","meta":{"footnotes":""},"categories":[4],"tags":[11,1003,1011,27,431,8458,12,316,25],"class_list":{"0":"post-259947","1":"post","2":"type-post","3":"status-publish","4":"format-standard","5":"has-post-thumbnail","7":"category-france","8":"tag-actualites","9":"tag-budget","10":"tag-fr","11":"tag-france","12":"tag-francois-bayrou","13":"tag-gouvernement-bayrou","14":"tag-news","15":"tag-politique","16":"tag-republique-francaise"},"share_on_mastodon":{"url":"https:\/\/pubeurope.com\/@fr\/114882694654358906","error":""},"_links":{"self":[{"href":"https:\/\/www.europesays.com\/fr\/wp-json\/wp\/v2\/posts\/259947","targetHints":{"allow":["GET"]}}],"collection":[{"href":"https:\/\/www.europesays.com\/fr\/wp-json\/wp\/v2\/posts"}],"about":[{"href":"https:\/\/www.europesays.com\/fr\/wp-json\/wp\/v2\/types\/post"}],"author":[{"embeddable":true,"href":"https:\/\/www.europesays.com\/fr\/wp-json\/wp\/v2\/users\/2"}],"replies":[{"embeddable":true,"href":"https:\/\/www.europesays.com\/fr\/wp-json\/wp\/v2\/comments?post=259947"}],"version-history":[{"count":0,"href":"https:\/\/www.europesays.com\/fr\/wp-json\/wp\/v2\/posts\/259947\/revisions"}],"wp:featuredmedia":[{"embeddable":true,"href":"https:\/\/www.europesays.com\/fr\/wp-json\/wp\/v2\/media\/259948"}],"wp:attachment":[{"href":"https:\/\/www.europesays.com\/fr\/wp-json\/wp\/v2\/media?parent=259947"}],"wp:term":[{"taxonomy":"category","embeddable":true,"href":"https:\/\/www.europesays.com\/fr\/wp-json\/wp\/v2\/categories?post=259947"},{"taxonomy":"post_tag","embeddable":true,"href":"https:\/\/www.europesays.com\/fr\/wp-json\/wp\/v2\/tags?post=259947"}],"curies":[{"name":"wp","href":"https:\/\/api.w.org\/{rel}","templated":true}]}}