{"id":259951,"date":"2025-07-20T00:21:13","date_gmt":"2025-07-20T00:21:13","guid":{"rendered":"https:\/\/www.europesays.com\/fr\/259951\/"},"modified":"2025-07-20T00:21:13","modified_gmt":"2025-07-20T00:21:13","slug":"les-artistes-stephanois-conquierent-le-festival-davignon","status":"publish","type":"post","link":"https:\/\/www.europesays.com\/fr\/259951\/","title":{"rendered":"LES ARTISTES ST\u00c9PHANOIS CONQUI\u00c8RENT LE FESTIVAL D&rsquo;AVIGNON"},"content":{"rendered":"<p>                <a href=\"https:\/\/cadenceradio.fr\" target=\"_blank\" aria-label=\"Banni\u00e8re Cadence 2025\" rel=\"nofollow noopener\"><img loading=\"lazy\" decoding=\"async\" src=\"https:\/\/www.europesays.com\/fr\/wp-content\/uploads\/2025\/07\/Banniere-Cadence-2025-scaled.jpg\" alt=\"\"   width=\"2560\" height=\"738\"\/><\/a><\/p>\n<p>Avec \u00ab\u00a0Tes bras les soirs d\u2019orage\u00a0\u00bb, la compagnie Altraa propose une exploration po\u00e9tique des relations humaines sous la temp\u00eate. Ce spectacle refl\u00e8te l\u2019approche sensible et m\u00e9taphorique qui caract\u00e9rise le th\u00e9\u00e2tre st\u00e9phanois contemporain, m\u00ealant texte et gestuelle dans une dramaturgie de l\u2019\u00e9motion. \u00ab\u00a0Th\u00e9\u00e2tre mode d\u2019emploi\u00a0\u00bb de la compagnie Spell Mistake propose une approche m\u00e9ta-th\u00e9\u00e2trale audacieuse. Cette cr\u00e9ation conventionn\u00e9e avec la ville de Saint-\u00c9tienne interroge les m\u00e9canismes de la repr\u00e9sentation, offrant au public une r\u00e9flexion ludique sur l\u2019art dramatique lui-m\u00eame.<\/p>\n<p>Le St\u00e9phanois Medhi Djaadi pr\u00e9sente \u00ab\u00a0Couleur Framboise\u00a0\u00bb, spectacle solo qui r\u00e9v\u00e8le la richesse de la cr\u00e9ation individuelle lig\u00e9rienne. Cette proposition artistique personnelle t\u00e9moigne de la diversit\u00e9 des \u00e9critures sc\u00e9niques \u00e9mergentes dans la m\u00e9tropole for\u00e9zienne. L\u2019ensemble vocal et instrumental Capella Forensis, dirig\u00e9 par Fran\u00e7ois Bernard, directeur adjoint de l\u2019Op\u00e9ra de Saint-\u00c9tienne, interpr\u00e8te \u00ab\u00a0Le silence de la mer\u00a0\u00bb. Cette adaptation musicale du r\u00e9cit de Vercors illustre l\u2019excellence de la formation lyrique st\u00e9phanoise et sa capacit\u00e9 \u00e0 revisiter les classiques de la litt\u00e9rature fran\u00e7aise.<\/p>\n<\/p>\n<p><strong>Elektro Chok ressuscite l\u2019anarchiste Ravachol<\/strong><\/p>\n<p>La compagnie st\u00e9phanoise Elektro Chok pr\u00e9sente \u00ab\u00a0Ravachol, d\u2019apr\u00e8s ses m\u00e9moires, mise en sc\u00e8ne par Alain Besset. Cette cr\u00e9ation historique plonge dans l\u2019univers de l\u2019anarchiste du XIXe si\u00e8cle, d\u00e9montrant l\u2019engagement social et politique du th\u00e9\u00e2tre lig\u00e9rien contemporain. L\u2019ensemble Sylf enrichit cette repr\u00e9sentation st\u00e9phanoise, confirmant la richesse musicale du territoire et sa capacit\u00e9 \u00e0 nourrir des formations artistiques vari\u00e9es capables de s\u2019imposer sur les sc\u00e8nes nationales.<\/p>\n<p>Cette pr\u00e9sence remarqu\u00e9e \u00e0 Avignon r\u00e9v\u00e8le Saint-\u00c9tienne comme un v\u00e9ritable laboratoire th\u00e9\u00e2tral o\u00f9 se c\u00f4toient recherche dramaturgique, innovation musicale et engagement artistique. Les six compagnies pr\u00e9sentes illustrent parfaitement la diversit\u00e9 des esth\u00e9tiques d\u00e9velopp\u00e9es localement. Du lyrisme classique de Capella Forensis aux exp\u00e9rimentations contemporaines de Spell Mistake, en passant par l\u2019engagement historique d\u2019Elektro Chok, cette d\u00e9l\u00e9gation montre comment les artistes st\u00e9phanois naviguent entre h\u00e9ritage culturel et cr\u00e9ation contemporaine. Ces artistes deviennent les porte-voix d\u2019une sc\u00e8ne culturelle lig\u00e9rienne dynamique, capable de rivaliser avec les grands centres de cr\u00e9ation fran\u00e7ais. Leur pr\u00e9sence avignonnaise positionne Saint-\u00c9tienne sur la carte des territoires culturels \u00e9mergents.<\/p>\n<p><strong>Reconnaissance nationale m\u00e9rit\u00e9e<\/strong><\/p>\n<p>Cette programmation multiple t\u00e9moigne de la maturit\u00e9 artistique atteinte par la sc\u00e8ne st\u00e9phanoise, d\u00e9sormais capable de proposer des cr\u00e9ations de niveau national dans des genres vari\u00e9s, du th\u00e9\u00e2tre exp\u00e9rimental \u00e0 la musique classique. Le festival d\u2019Avignon 2025 consacre ainsi une g\u00e9n\u00e9ration d\u2019artistes st\u00e9phanois qui, form\u00e9s et accompagn\u00e9s localement, portent aujourd\u2019hui les couleurs de leur territoire sur l\u2019une des sc\u00e8nes les plus prestigieuses de France, confirmant Saint-\u00c9tienne comme p\u00e9pini\u00e8re artistique de premier plan.<\/p>\n","protected":false},"excerpt":{"rendered":"Avec \u00ab\u00a0Tes bras les soirs d\u2019orage\u00a0\u00bb, la compagnie Altraa propose une exploration po\u00e9tique des relations humaines sous la&hellip;\n","protected":false},"author":2,"featured_media":259952,"comment_status":"","ping_status":"","sticky":false,"template":"","format":"standard","meta":{"footnotes":""},"categories":[9653],"tags":[1111,11,2430,251,1777,674,1011,27,3367,12,25,4001],"class_list":{"0":"post-259951","1":"post","2":"type-post","3":"status-publish","4":"format-standard","5":"has-post-thumbnail","7":"category-saint-etienne","8":"tag-actu","9":"tag-actualites","10":"tag-auvergne-rhone-alpes","11":"tag-culture","12":"tag-eu","13":"tag-europe","14":"tag-fr","15":"tag-france","16":"tag-loire","17":"tag-news","18":"tag-republique-francaise","19":"tag-saint-etienne"},"share_on_mastodon":{"url":"https:\/\/pubeurope.com\/@fr\/114882706377236863","error":""},"_links":{"self":[{"href":"https:\/\/www.europesays.com\/fr\/wp-json\/wp\/v2\/posts\/259951","targetHints":{"allow":["GET"]}}],"collection":[{"href":"https:\/\/www.europesays.com\/fr\/wp-json\/wp\/v2\/posts"}],"about":[{"href":"https:\/\/www.europesays.com\/fr\/wp-json\/wp\/v2\/types\/post"}],"author":[{"embeddable":true,"href":"https:\/\/www.europesays.com\/fr\/wp-json\/wp\/v2\/users\/2"}],"replies":[{"embeddable":true,"href":"https:\/\/www.europesays.com\/fr\/wp-json\/wp\/v2\/comments?post=259951"}],"version-history":[{"count":0,"href":"https:\/\/www.europesays.com\/fr\/wp-json\/wp\/v2\/posts\/259951\/revisions"}],"wp:featuredmedia":[{"embeddable":true,"href":"https:\/\/www.europesays.com\/fr\/wp-json\/wp\/v2\/media\/259952"}],"wp:attachment":[{"href":"https:\/\/www.europesays.com\/fr\/wp-json\/wp\/v2\/media?parent=259951"}],"wp:term":[{"taxonomy":"category","embeddable":true,"href":"https:\/\/www.europesays.com\/fr\/wp-json\/wp\/v2\/categories?post=259951"},{"taxonomy":"post_tag","embeddable":true,"href":"https:\/\/www.europesays.com\/fr\/wp-json\/wp\/v2\/tags?post=259951"}],"curies":[{"name":"wp","href":"https:\/\/api.w.org\/{rel}","templated":true}]}}