{"id":25996,"date":"2025-04-15T06:01:17","date_gmt":"2025-04-15T06:01:17","guid":{"rendered":"https:\/\/www.europesays.com\/fr\/25996\/"},"modified":"2025-04-15T06:01:17","modified_gmt":"2025-04-15T06:01:17","slug":"reconcilies-madonna-et-elton-john-bientot-en-duo-ils-repondent","status":"publish","type":"post","link":"https:\/\/www.europesays.com\/fr\/25996\/","title":{"rendered":"r\u00e9concili\u00e9s, Madonna et Elton John bient\u00f4t en duo ? Ils r\u00e9pondent !"},"content":{"rendered":"<p><img decoding=\"async\" class=\"caas-img has-preview\" alt=\"Instagram\" bad-src=\"https:\/\/www.europesays.com\/fr\/wp-content\/uploads\/2025\/04\/70e51c1da82445b01b59887b7aec4d27.jpeg\" src=\"https:\/\/www.europesays.com\/fr\/wp-content\/uploads\/2025\/04\/70e51c1da82445b01b59887b7aec4d27.jpeg\"\/><\/p>\n<p>Instagram<\/p>\n<p>Instagram\u00ab Madonna, meilleure artiste live ? Allez vous faire&#8230; \u00bb. Voil\u00e0 ce que d\u00e9clarait Elton John durant l&rsquo;une de ses nombreuses sorties contre la chanteuse am\u00e9ricaine, avec laquelle il \u00e9tait en froid depuis une vingtaine d&rsquo;ann\u00e9es. L&rsquo;origine de la brouille ? Elle remonte \u00e0 2002 lorsque l&rsquo;artiste anglais avait qualifi\u00e9 la chanson \u00ab\u00a0Die Another Day\u00a0\u00bb de Madonna comme \u00ab la pire chanson pour un James Bond \u00bb. Mais apr\u00e8s plus de 20 ans de tacles par m\u00e9dias interpos\u00e9s, les deux l\u00e9gende de la pop <a data-i13n=\"cpos:1;pos:1\" href=\"https:\/\/www.chartsinfrance.net\/Madonna\/news-132165.html\" rel=\"nofollow noopener\" target=\"_blank\" data-ylk=\"slk:ont enfin \u00ab enterr\u00e9 la hache de guerre \u00bb;cpos:1;pos:1;elm:context_link;itc:0;sec:content-canvas\" class=\"link \">ont enfin \u00ab enterr\u00e9 la hache de guerre \u00bb<\/a>. C&rsquo;est Madonna qui le r\u00e9v\u00e8le sur Instagram, indiquant avoir rendu visite \u00e0 l&rsquo;artiste de 78 ans dans les coulisses de l&rsquo;\u00e9mission \u00ab\u00a0Saturday Night Live\u00a0\u00bb : \u00ab J&rsquo;ai eu besoin de me rendre en coulisses et de l&rsquo;affronter. Quand je l&rsquo;ai rencontr\u00e9, la premi\u00e8re chose qui est sortie de sa bouche a \u00e9t\u00e9 \u00ab\u00a0Pardonne-moi\u00a0\u00bb et le mur entre nous est tomb\u00e9 \u00bb.<\/p>\n<p>\u00ab\u00a0Nous pourrons r\u00e9aliser de grandes choses\u00a0\u00bb<\/p>\n<p>Il ne suffit donc parfois qu&rsquo;un peu d&rsquo;audace pour mettre fin \u00e0 une m\u00e9sentente durable. Ce qui a surtout fait tilter les fans dans le message de Madonna, c&rsquo;est une phrase qui ne passe pas inaper\u00e7ue : \u00ab Il m&rsquo;a ensuite dit qu&rsquo;il avait \u00e9crit une chanson pour moi et qu&rsquo;il voulait que l&rsquo;on collabore ensemble. C&rsquo;est comme si la boucle \u00e9tait boucl\u00e9e \u00bb. De quoi faire esp\u00e9rer aux fans un duo entre les deux ic\u00f4nes de la pop ! D&rsquo;autant plus que Madonna conclut son message en citant quelques paroles du tube \u00ab\u00a0Your Song\u00a0\u00bb. Faut-il comprendre l\u00e0 qu&rsquo;apr\u00e8s Dua Lipa (<a data-i13n=\"cpos:2;pos:1\" href=\"https:\/\/www.chartsinfrance.net\/Elton-John\/news-129138.html\" rel=\"nofollow noopener\" target=\"_blank\" data-ylk=\"slk:&quot;Cold Heart&quot;;cpos:2;pos:1;elm:context_link;itc:0;sec:content-canvas\" class=\"link \">\u00ab\u00a0Cold Heart\u00a0\u00bb<\/a>) et Britney Spears (<a data-i13n=\"cpos:3;pos:1\" href=\"https:\/\/www.chartsinfrance.net\/Elton-John\/news-122258.html\" rel=\"nofollow noopener\" target=\"_blank\" data-ylk=\"slk:&quot;Hold Me Closer&quot;;cpos:3;pos:1;elm:context_link;itc:0;sec:content-canvas\" class=\"link \">\u00ab\u00a0Hold Me Closer\u00a0\u00bb<\/a>), Elton John continuera-t-il \u00e0 revisiter&#8230;<\/p>\n<p><a data-i13n=\"cpos:4;pos:1\" href=\"https:\/\/www.chartsinfrance.net\/Madonna\/news-132187.html\" rel=\"nofollow noopener\" target=\"_blank\" data-ylk=\"slk:Cliquez ici pour voir la suite;cpos:4;pos:1;elm:context_link;itc:0;sec:content-canvas\" class=\"link \">Cliquez ici pour voir la suite<\/a><\/p>\n<p>A lire aussi :<\/p>\n<p><a data-i13n=\"cpos:5;pos:1\" href=\"https:\/\/www.chartsinfrance.net\/Madonna\/news-132165.html\" rel=\"nofollow noopener\" target=\"_blank\" data-ylk=\"slk:Incroyable mais vrai : ces deux stars se r\u00e9concilient !;cpos:5;pos:1;elm:context_link;itc:0;sec:content-canvas\" class=\"link \">Incroyable mais vrai : ces deux stars se r\u00e9concilient !<\/a><br \/><a data-i13n=\"cpos:6;pos:1\" href=\"https:\/\/www.chartsinfrance.net\/Madonna\/news-131317.html\" rel=\"nofollow noopener\" target=\"_blank\" data-ylk=\"slk:Madonna inqui\u00e8te apr\u00e8s l&#039;investiture de Donald Trump;cpos:6;pos:1;elm:context_link;itc:0;sec:content-canvas\" class=\"link \">Madonna inqui\u00e8te apr\u00e8s l&rsquo;investiture de Donald Trump<\/a><br \/><a data-i13n=\"cpos:7;pos:1\" href=\"https:\/\/www.chartsinfrance.net\/Madonna\/news-130996.html\" rel=\"nofollow noopener\" target=\"_blank\" data-ylk=\"slk:Madonna de retour en 2025 !;cpos:7;pos:1;elm:context_link;itc:0;sec:content-canvas\" class=\"link \">Madonna de retour en 2025 !<\/a><\/p>\n","protected":false},"excerpt":{"rendered":"Instagram Instagram\u00ab Madonna, meilleure artiste live ? Allez vous faire&#8230; \u00bb. Voil\u00e0 ce que d\u00e9clarait Elton John durant&hellip;\n","protected":false},"author":2,"featured_media":25997,"comment_status":"","ping_status":"","sticky":false,"template":"","format":"standard","meta":{"footnotes":""},"categories":[1355],"tags":[58,3509,59,1011,27,2440,1677,6239,1361,873],"class_list":{"0":"post-25996","1":"post","2":"type-post","3":"status-publish","4":"format-standard","5":"has-post-thumbnail","7":"category-musique","8":"tag-divertissement","9":"tag-elton-john","10":"tag-entertainment","11":"tag-fr","12":"tag-france","13":"tag-instagram","14":"tag-james-bond","15":"tag-madonna","16":"tag-music","17":"tag-musique"},"share_on_mastodon":{"url":"https:\/\/pubeurope.com\/@fr\/114340461474505906","error":""},"_links":{"self":[{"href":"https:\/\/www.europesays.com\/fr\/wp-json\/wp\/v2\/posts\/25996","targetHints":{"allow":["GET"]}}],"collection":[{"href":"https:\/\/www.europesays.com\/fr\/wp-json\/wp\/v2\/posts"}],"about":[{"href":"https:\/\/www.europesays.com\/fr\/wp-json\/wp\/v2\/types\/post"}],"author":[{"embeddable":true,"href":"https:\/\/www.europesays.com\/fr\/wp-json\/wp\/v2\/users\/2"}],"replies":[{"embeddable":true,"href":"https:\/\/www.europesays.com\/fr\/wp-json\/wp\/v2\/comments?post=25996"}],"version-history":[{"count":0,"href":"https:\/\/www.europesays.com\/fr\/wp-json\/wp\/v2\/posts\/25996\/revisions"}],"wp:featuredmedia":[{"embeddable":true,"href":"https:\/\/www.europesays.com\/fr\/wp-json\/wp\/v2\/media\/25997"}],"wp:attachment":[{"href":"https:\/\/www.europesays.com\/fr\/wp-json\/wp\/v2\/media?parent=25996"}],"wp:term":[{"taxonomy":"category","embeddable":true,"href":"https:\/\/www.europesays.com\/fr\/wp-json\/wp\/v2\/categories?post=25996"},{"taxonomy":"post_tag","embeddable":true,"href":"https:\/\/www.europesays.com\/fr\/wp-json\/wp\/v2\/tags?post=25996"}],"curies":[{"name":"wp","href":"https:\/\/api.w.org\/{rel}","templated":true}]}}