{"id":259963,"date":"2025-07-20T00:35:12","date_gmt":"2025-07-20T00:35:12","guid":{"rendered":"https:\/\/www.europesays.com\/fr\/259963\/"},"modified":"2025-07-20T00:35:12","modified_gmt":"2025-07-20T00:35:12","slug":"un-jeune-homme-meurt-poignarde-dans-le-quartier-de-cleunay-a-rennes","status":"publish","type":"post","link":"https:\/\/www.europesays.com\/fr\/259963\/","title":{"rendered":"Un jeune homme meurt poignard\u00e9 dans le quartier de Cleunay \u00e0 Rennes"},"content":{"rendered":"<p>Un homme de 20 ans est d\u00e9c\u00e9d\u00e9, poignard\u00e9 vers 20 h 30 ce samedi 19 juillet, rue Ferdinand de Lesseps, dans le quartier de Cleunay, \u00e0 Rennes. Apr\u00e8s l\u2019agression, il a \u00e9t\u00e9 conduit au CHU Pontchaillou par des proches, dont le v\u00e9hicule a \u00e9t\u00e9 intercept\u00e9 par la police. Une enqu\u00eate a \u00e9t\u00e9 ouverte. <\/p>\n<p>Le drame s\u2019est nou\u00e9 dans un endroit connu pour abriter plusieurs points de deal au sein de ce quartier globalement tranquille. <\/p>\n<p>En mars 2021, <a href=\"https:\/\/www.letelegramme.fr\/ille-et-vilaine\/rennes-35000\/trafic-de-stupefiants-a-rennes-un-reglement-de-comptes-fait-deux-blesses-video-175851.php\" target=\"_blank\" rel=\"nofollow noopener\">un spectaculaire et sanglant r\u00e8glement de compte<\/a> s\u2019\u00e9tait d\u00e9roul\u00e9, en pleine apr\u00e8s-midi, \u00e0 proximit\u00e9 de l\u2019agression mortelle qui s\u2019est produite ce soir. Un jeune homme avait \u00e9t\u00e9 ex\u00e9cut\u00e9 d\u2019une balle dans la t\u00eate et un autre avait \u00e9t\u00e9 bless\u00e9 aux jambes. <\/p>\n","protected":false},"excerpt":{"rendered":"Un homme de 20 ans est d\u00e9c\u00e9d\u00e9, poignard\u00e9 vers 20 h 30 ce samedi 19 juillet, rue Ferdinand&hellip;\n","protected":false},"author":2,"featured_media":259964,"comment_status":"","ping_status":"","sticky":false,"template":"","format":"standard","meta":{"footnotes":""},"categories":[2821],"tags":[1111,11,829,765,1777,674,3383,1011,27,12,584,25],"class_list":{"0":"post-259963","1":"post","2":"type-post","3":"status-publish","4":"format-standard","5":"has-post-thumbnail","7":"category-rennes","8":"tag-actu","9":"tag-actualites","10":"tag-bretagne","11":"tag-en-continu","12":"tag-eu","13":"tag-europe","14":"tag-faits-divers-a-rennes","15":"tag-fr","16":"tag-france","17":"tag-news","18":"tag-rennes","19":"tag-republique-francaise"},"share_on_mastodon":{"url":"https:\/\/pubeurope.com\/@fr\/114882761462810046","error":""},"_links":{"self":[{"href":"https:\/\/www.europesays.com\/fr\/wp-json\/wp\/v2\/posts\/259963","targetHints":{"allow":["GET"]}}],"collection":[{"href":"https:\/\/www.europesays.com\/fr\/wp-json\/wp\/v2\/posts"}],"about":[{"href":"https:\/\/www.europesays.com\/fr\/wp-json\/wp\/v2\/types\/post"}],"author":[{"embeddable":true,"href":"https:\/\/www.europesays.com\/fr\/wp-json\/wp\/v2\/users\/2"}],"replies":[{"embeddable":true,"href":"https:\/\/www.europesays.com\/fr\/wp-json\/wp\/v2\/comments?post=259963"}],"version-history":[{"count":0,"href":"https:\/\/www.europesays.com\/fr\/wp-json\/wp\/v2\/posts\/259963\/revisions"}],"wp:featuredmedia":[{"embeddable":true,"href":"https:\/\/www.europesays.com\/fr\/wp-json\/wp\/v2\/media\/259964"}],"wp:attachment":[{"href":"https:\/\/www.europesays.com\/fr\/wp-json\/wp\/v2\/media?parent=259963"}],"wp:term":[{"taxonomy":"category","embeddable":true,"href":"https:\/\/www.europesays.com\/fr\/wp-json\/wp\/v2\/categories?post=259963"},{"taxonomy":"post_tag","embeddable":true,"href":"https:\/\/www.europesays.com\/fr\/wp-json\/wp\/v2\/tags?post=259963"}],"curies":[{"name":"wp","href":"https:\/\/api.w.org\/{rel}","templated":true}]}}