{"id":259965,"date":"2025-07-20T00:36:12","date_gmt":"2025-07-20T00:36:12","guid":{"rendered":"https:\/\/www.europesays.com\/fr\/259965\/"},"modified":"2025-07-20T00:36:12","modified_gmt":"2025-07-20T00:36:12","slug":"edition-stanislas-nordey-ancien-directeur-du-tns-dirige-espaces-34-2","status":"publish","type":"post","link":"https:\/\/www.europesays.com\/fr\/259965\/","title":{"rendered":"\u00c9dition. Stanislas Nordey, ancien directeur du TNS, dirige Espaces 34"},"content":{"rendered":"<p>On conna\u00eet la passion de <a href=\"https:\/\/www.dna.fr\/culture-loisirs\/2023\/12\/01\/retour-sur-l-implacable-voyage-dans-l-est-de-stanislas-nordey-au-tns?login=1\" target=\"_blank\" rel=\"nofollow noopener\">l\u2019ancien directeur du Th\u00e9\u00e2tre national de Strasbourg, Stanislas Nordey<\/a> pour les \u00e9critures dramatiques contemporaines. Sabine Chevalier, fondatrice des <a href=\"http:\/\/editions-espaces34.fr\/\" target=\"_blank\" rel=\"nofollow noopener\"> \u00c9ditions Espaces 34,<\/a> a transmis la direction de la maison, au com\u00e9dien et metteur en sc\u00e8ne.<\/p>\n<p>Cr\u00e9\u00e9e il y a 30 ans, la maison d\u2019\u00e9dition articule un catalogue riche de plus de 250 titres \u00e9crits par plus de 80 auteurs et une trentaine de traducteurs. Autour de quatre collections principales\u00a0: th\u00e9\u00e2tre contemporain\/th\u00e9\u00e2tre jeunesse\/th\u00e9\u00e2tre en traduction\/hors cadre. Celles-ci sont compl\u00e9t\u00e9es par quelques essais et une collection de pi\u00e8ces et parodies du XVII Ie\u00a0si\u00e8cle. Autant de textes qui existent au-del\u00e0 d\u2019\u00e9ventuel projet de cr\u00e9ation sc\u00e9nique.<\/p>\n<p class=\"note\"><a href=\"http:\/\/editions-espaces34.fr\/\" title=\"editions-espaces34.fr\" rel=\"nofollow noopener\" target=\"_blank\">editions-espaces34.fr<\/a><\/p>\n","protected":false},"excerpt":{"rendered":"On conna\u00eet la passion de l\u2019ancien directeur du Th\u00e9\u00e2tre national de Strasbourg, Stanislas Nordey pour les \u00e9critures dramatiques&hellip;\n","protected":false},"author":2,"featured_media":259514,"comment_status":"","ping_status":"","sticky":false,"template":"","format":"standard","meta":{"footnotes":""},"categories":[2820],"tags":[1111,11,2389,1687,1777,674,107,1011,27,775,2410,12,25,640],"class_list":{"0":"post-259965","1":"post","2":"type-post","3":"status-publish","4":"format-standard","5":"has-post-thumbnail","7":"category-strasbourg","8":"tag-actu","9":"tag-actualites","10":"tag-alsace","11":"tag-culture-loisirs","12":"tag-eu","13":"tag-europe","14":"tag-fil-info","15":"tag-fr","16":"tag-france","17":"tag-grand-est","18":"tag-livres-bd","19":"tag-news","20":"tag-republique-francaise","21":"tag-strasbourg"},"share_on_mastodon":{"url":"https:\/\/pubeurope.com\/@fr\/114882765441514845","error":""},"_links":{"self":[{"href":"https:\/\/www.europesays.com\/fr\/wp-json\/wp\/v2\/posts\/259965","targetHints":{"allow":["GET"]}}],"collection":[{"href":"https:\/\/www.europesays.com\/fr\/wp-json\/wp\/v2\/posts"}],"about":[{"href":"https:\/\/www.europesays.com\/fr\/wp-json\/wp\/v2\/types\/post"}],"author":[{"embeddable":true,"href":"https:\/\/www.europesays.com\/fr\/wp-json\/wp\/v2\/users\/2"}],"replies":[{"embeddable":true,"href":"https:\/\/www.europesays.com\/fr\/wp-json\/wp\/v2\/comments?post=259965"}],"version-history":[{"count":0,"href":"https:\/\/www.europesays.com\/fr\/wp-json\/wp\/v2\/posts\/259965\/revisions"}],"wp:featuredmedia":[{"embeddable":true,"href":"https:\/\/www.europesays.com\/fr\/wp-json\/wp\/v2\/media\/259514"}],"wp:attachment":[{"href":"https:\/\/www.europesays.com\/fr\/wp-json\/wp\/v2\/media?parent=259965"}],"wp:term":[{"taxonomy":"category","embeddable":true,"href":"https:\/\/www.europesays.com\/fr\/wp-json\/wp\/v2\/categories?post=259965"},{"taxonomy":"post_tag","embeddable":true,"href":"https:\/\/www.europesays.com\/fr\/wp-json\/wp\/v2\/tags?post=259965"}],"curies":[{"name":"wp","href":"https:\/\/api.w.org\/{rel}","templated":true}]}}