{"id":259968,"date":"2025-07-20T00:38:14","date_gmt":"2025-07-20T00:38:14","guid":{"rendered":"https:\/\/www.europesays.com\/fr\/259968\/"},"modified":"2025-07-20T00:38:14","modified_gmt":"2025-07-20T00:38:14","slug":"238-jeunes-en-3-ans-cest-le-quoi-le-cddf-cette-instance-qui-aide-les-mineurs-en-difficulte-a-nice","status":"publish","type":"post","link":"https:\/\/www.europesays.com\/fr\/259968\/","title":{"rendered":"238 jeunes en 3 ans: c\u2019est le quoi le CDDF, cette instance qui aide les mineurs en difficult\u00e9 \u00e0 Nice?"},"content":{"rendered":"<p>La famille Heredia est reconnaissante. \u00ab\u00a0On nous a bien aid\u00e9s car les enfants \u00e9taient en difficult\u00e9 \u00e0 l\u2019\u00e9cole\u00a0\u00bb, raconte le papa. Ga\u00ebtan et Antoine acquiescent. Ils avaient \u00e9t\u00e9 convoqu\u00e9s en mairie pour un trop grand nombre d\u2019absences injustifi\u00e9es \u00e0 l\u2019\u00e9cole. \u00ab\u00a0Les enfants ont re\u00e7u de l\u2019aide aux devoirs par des retrait\u00e9s de la maison des seniors Pasteur, gr\u00e2ce au CDDF. Merci!\u00a0\u00bb<\/p>\n<p><a href=\"https:\/\/www.nicematin.com\/faits-de-societe\/absenteisme-a-lecole-quel-est-ce-dispositif-nicois-qui-fait-grincer-les-associations-761544\" rel=\"nofollow noopener\" target=\"_blank\">Le CDDF, Conseil des droits et devoirs des familles, est obligatoire dans les communes de plus de 50.000 habitants<\/a>. Mis en place \u00e0 Nice en 2010, il est pilot\u00e9 depuis 2022 par le Service des politiques sociales de la jeunesse. Au nom du maire, c\u2019est l\u2019avocate Marie-Pierre Lazard, conseill\u00e8re municipale subd\u00e9l\u00e9gu\u00e9e au CDDF, qui en assume la pr\u00e9sidence. L\u2019instance est notamment compos\u00e9e d\u2019un repr\u00e9sentant du parquet, un de l\u2019Acad\u00e9mie et un de la police municipale. Elle est principalement saisie en cas d\u2019absent\u00e9isme par les services de l\u2019Acad\u00e9mie ou par les chefs d\u2019\u00e9tablissements.<\/p>\n<p>Concr\u00e8tement, le CDDF envoie un premier courrier aux parents en cas d\u2019absent\u00e9isme. Si les probl\u00e8mes continuent, les parents et les enfants sont convoqu\u00e9s en mairie \u00e0 une r\u00e9union collective, pour rappeler les droits et obligations de chacun. Un petit coup de pression, en somme. Si les probl\u00e8mes continuent, une nouvelle convocation est envoy\u00e9e, en individuel. Avec un potentiel signalement au parquet, voire au juge des enfants.<\/p>\n<p>\u00ab\u00a0On a un taux de r\u00e9ussite de 77%\u00a0\u00bb<\/p>\n<p>              <img ci-src=\"https:\/\/www.nicematin.com\/jeunesse\/protec\/DATA_ART_15918076-p8S4K052.jpg?vh=8cafdb&amp;ci_seal=c51efde807\" alt=\"\"\/><br \/>\n        Ga\u00ebtan et Antoine Heredia ont \u00e9t\u00e9 aid\u00e9s pour leurs devoirs par des retrait\u00e9s de la maison des seniors Pasteur. Photo Ro. B. <strong>Photo Ro. B..<\/strong> <\/p>\n<p>Les familles peuvent aussi solliciter un accompagnement individuel. Le CDDF propose tout un \u00e9ventail d\u2019aides: soutien \u00e0 la parentalit\u00e9, soutien psychologique, aide \u00e0 l\u2019inclusion num\u00e9rique, aides financi\u00e8res, aide aux devoirs, aide pour le sport, formation et insertion professionnelle\u2026<\/p>\n<p>Depuis 2022, 806 mineurs ont \u00e9t\u00e9 re\u00e7us, et 238 ont \u00e9t\u00e9 accompagn\u00e9s. En majorit\u00e9 des coll\u00e9giens. \u00ab\u00a0On a un taux de r\u00e9ussite de 77%\u00a0\u00bb, se f\u00e9licite Marie-Pierre Lazard.<\/p>\n<p>Les principaux probl\u00e8mes des mineurs? <a href=\"https:\/\/www.nicematin.com\/vie-locale\/une-aide-aux-devoirs-pour-les-eleves-en-decrochage-896878\" rel=\"nofollow noopener\" target=\"_blank\">D\u00e9crochage scolaire<\/a>, probl\u00e8mes d\u2019assiduit\u00e9, de motivation, de sant\u00e9 ou de handicap, addiction aux \u00e9crans (notamment la nuit), harc\u00e8lement. Pour les parents? Faible ma\u00eetrise de la langue, probl\u00e8me d\u2019autorit\u00e9 et de responsabilit\u00e9 parentale, probl\u00e8me de communication avec les \u00e9tablissements scolaires, et difficult\u00e9s sociales.<\/p>\n<p>\u00ab\u00a0La solution aux probl\u00e8mes, ce n\u2019est pas de rester \u00e0 la maison devant les \u00e9crans\u00a0\u00bb, lance la repr\u00e9sentante de l\u2019Acad\u00e9mie de Nice aux familles re\u00e7ues lors d\u2019une r\u00e9union collective. 51% d\u2019entre elles sont domicili\u00e9es dans un quartier prioritaire, et 40% sont monoparentales. Un travail de longue haleine sur fond de mis\u00e8re sociale, <a href=\"https:\/\/www.nicematin.com\/faits-de-societe\/pourquoi-les-alpes-maritimes-sont-dans-le-top-10-des-departements-de-france-les-plus-inegalitaires-988571#:~:text=Selon%20le%20dernier%20rapport%20de,riches%20et%20les%20plus%20pauvres.\" rel=\"nofollow noopener\" target=\"_blank\">dans un d\u00e9partement o\u00f9 les ultra-riches c\u00f4toient des familles en situation d\u2019extr\u00eame pr\u00e9carit\u00e9<\/a>.<\/p>\n","protected":false},"excerpt":{"rendered":"La famille Heredia est reconnaissante. \u00ab\u00a0On nous a bien aid\u00e9s car les enfants \u00e9taient en difficult\u00e9 \u00e0 l\u2019\u00e9cole\u00a0\u00bb,&hellip;\n","protected":false},"author":2,"featured_media":259969,"comment_status":"","ping_status":"","sticky":false,"template":"","format":"standard","meta":{"footnotes":""},"categories":[2819],"tags":[1111,11,1057,1777,674,1011,27,4075,12,2401,882,25],"class_list":{"0":"post-259968","1":"post","2":"type-post","3":"status-publish","4":"format-standard","5":"has-post-thumbnail","7":"category-nice","8":"tag-actu","9":"tag-actualites","10":"tag-education","11":"tag-eu","12":"tag-europe","13":"tag-fr","14":"tag-france","15":"tag-jeunesse","16":"tag-news","17":"tag-nice","18":"tag-provence-alpes-cote-dazur","19":"tag-republique-francaise"},"share_on_mastodon":{"url":"https:\/\/pubeurope.com\/@fr\/114882773236650349","error":""},"_links":{"self":[{"href":"https:\/\/www.europesays.com\/fr\/wp-json\/wp\/v2\/posts\/259968","targetHints":{"allow":["GET"]}}],"collection":[{"href":"https:\/\/www.europesays.com\/fr\/wp-json\/wp\/v2\/posts"}],"about":[{"href":"https:\/\/www.europesays.com\/fr\/wp-json\/wp\/v2\/types\/post"}],"author":[{"embeddable":true,"href":"https:\/\/www.europesays.com\/fr\/wp-json\/wp\/v2\/users\/2"}],"replies":[{"embeddable":true,"href":"https:\/\/www.europesays.com\/fr\/wp-json\/wp\/v2\/comments?post=259968"}],"version-history":[{"count":0,"href":"https:\/\/www.europesays.com\/fr\/wp-json\/wp\/v2\/posts\/259968\/revisions"}],"wp:featuredmedia":[{"embeddable":true,"href":"https:\/\/www.europesays.com\/fr\/wp-json\/wp\/v2\/media\/259969"}],"wp:attachment":[{"href":"https:\/\/www.europesays.com\/fr\/wp-json\/wp\/v2\/media?parent=259968"}],"wp:term":[{"taxonomy":"category","embeddable":true,"href":"https:\/\/www.europesays.com\/fr\/wp-json\/wp\/v2\/categories?post=259968"},{"taxonomy":"post_tag","embeddable":true,"href":"https:\/\/www.europesays.com\/fr\/wp-json\/wp\/v2\/tags?post=259968"}],"curies":[{"name":"wp","href":"https:\/\/api.w.org\/{rel}","templated":true}]}}