{"id":259979,"date":"2025-07-20T00:45:18","date_gmt":"2025-07-20T00:45:18","guid":{"rendered":"https:\/\/www.europesays.com\/fr\/259979\/"},"modified":"2025-07-20T00:45:18","modified_gmt":"2025-07-20T00:45:18","slug":"des-deputes-rn-chasses-dun-resto-ou-ils-voulaient-tenir-une-conference-sans-avoir-averti-le-patron","status":"publish","type":"post","link":"https:\/\/www.europesays.com\/fr\/259979\/","title":{"rendered":"Des d\u00e9put\u00e9s RN \u00ab\u00a0chass\u00e9s\u00a0\u00bb d\u2019un resto o\u00f9 ils voulaient tenir une conf\u00e9rence\u2026 sans avoir averti le patron"},"content":{"rendered":"<p>La conf\u00e9rence de presse a tourn\u00e9 court. Des d\u00e9put\u00e9s <a href=\"https:\/\/www.20minutes.fr\/politique\/rassemblement-national\/\" class=\"color-ultramarine c-link\" target=\"_blank\" rel=\"noopener\">du Rassemblement national (RN)<\/a> se sont fait \u00ab\u00a0chasser\u00a0\u00bb d\u2019un restaurant <a href=\"https:\/\/www.20minutes.fr\/toulouse\/\" class=\"color-ultramarine c-link\" target=\"_blank\" rel=\"noopener\">\u00e0 Toulouse<\/a> dans lequel ils avaient pr\u00e9vu de tenir officiellement une conf\u00e9rence de presse\u2026 mais sans avoir au pr\u00e9alable demand\u00e9 l\u2019autorisation, ni m\u00eame averti le responsable des lieux, rapporte <a href=\"https:\/\/www.ladepeche.fr\/2025\/07\/18\/a-toulouse-trois-deputes-du-rassemblement-national-sont-econduits-du-restaurant-ou-ils-projetaient-de-faire-une-conference-de-presse-sans-en-avertir-12833183.php\" target=\"_blank\" class=\"color-ultramarine c-link\" rel=\"noopener\">La D\u00e9p\u00eache<\/a>.<\/p>\n<p>Julien Leonardelli, d\u00e9put\u00e9 europ\u00e9en, conseiller r\u00e9gional d\u2019Occitanie et responsable du RN en Haute-Garonne, avait invit\u00e9 ce vendredi les d\u00e9put\u00e9s RN Laurent Jacobelli (<a href=\"https:\/\/www.20minutes.fr\/dossier\/moselle\" class=\"color-ultramarine c-link\" target=\"_blank\" rel=\"noopener\">Moselle<\/a>) et Julien Odoul (<a href=\"https:\/\/www.20minutes.fr\/societe\/yonne\/\" class=\"color-ultramarine c-link\" target=\"_blank\" rel=\"noopener\">Yonne<\/a>) \u00e0 visiter la prison de Seysses (<a href=\"https:\/\/www.20minutes.fr\/dossier\/haute-garonne\" class=\"color-ultramarine c-link\" target=\"_blank\" rel=\"noopener\">Haute-Garonne<\/a>), dans le cadre d\u2019une proposition de loi visant \u00e0 interdire les activit\u00e9s ludiques en prison. Les trois d\u00e9put\u00e9s RN avaient ensuite convi\u00e9 la presse \u00e0 une conf\u00e9rence pr\u00e9vue \u00e0 16\u00a0heures au restaurant \u00ab\u00a0Les Jardins de l\u2019Olympe\u00a0\u00bb.<\/p>\n<p>\u00ab\u00a0Je suis libre de ne pas accepter\u00a0\u00bb<\/p>\n<p>Seulement voil\u00e0, le responsable du restaurant ne semblait pas avoir \u00e9t\u00e9 inform\u00e9 de cet \u00e9v\u00e9nement, et a refus\u00e9 qu\u2019il se tienne dans son \u00e9tablissement. Ce qui a visiblement mis en col\u00e8re les trois d\u00e9put\u00e9s du Rassemblement national.<\/p>\n<p>\u00ab\u00a0Vous \u00eates condamnable par la loi et c\u2019est exactement ce qu\u2019il va se passer\u00a0\u00bb, aurait alors d\u00e9clar\u00e9 <a href=\"https:\/\/www.20minutes.fr\/politique\/4085505-20240409-moselle-racaille-laurent-jacobelli-rn-mis-examen-diffamation-encontre-autre-depute\" class=\"color-ultramarine c-link\" target=\"_blank\" rel=\"noopener\">Laurent Jacobelli<\/a>, indique La D\u00e9p\u00eache. \u00ab\u00a0Je suis libre de ne pas accepter que vous fassiez votre conf\u00e9rence de presse\u2005ici\u00a0\u00bb, s\u2019est alors d\u00e9fendu le patron des \u00ab\u00a0Jardins de l\u2019Olympe\u00a0\u00bb.<\/p>\n<blockquote class=\"twitter-tweet\" align=\"center\" data-lang=\"fr_FR\">\n<p lang=\"fr\" dir=\"ltr\">\ud83d\udd34 \u00c0 Toulouse, avec mes coll\u00e8gues <a href=\"https:\/\/twitter.com\/JulienOdoul?ref_src=twsrc%5Etfw\" target=\"_blank\" rel=\"noopener\">@JulienOdoul<\/a> et <a href=\"https:\/\/twitter.com\/ljacobelli?ref_src=twsrc%5Etfw\" target=\"_blank\" rel=\"noopener\">@ljacobelli<\/a>, nous avons \u00e9t\u00e9 chass\u00e9s d\u2019un restaurant pour d\u00e9lit d\u2019opinion. Le sectarisme de gauche croit faire sa loi jusque dans les lieux publics. Rappelons-leur que notre l\u00e9gitimit\u00e9 vient du peuple ! <a href=\"https:\/\/t.co\/dzX7HrmPIR\">https:\/\/t.co\/dzX7HrmPIR<\/a><\/p>\n<p>\u2014 Julien Leonardelli (@JLeonardelli_) <a href=\"https:\/\/twitter.com\/JLeonardelli_\/status\/1946260429329637409?ref_src=twsrc%5Etfw\" target=\"_blank\" rel=\"noopener\">July 18, 2025<\/a><\/p><\/blockquote>\n<p class=\"mb-xxl@xs color-ultramarine font-weight-semi-bold@xs font-source-serif-pro heading-s@xs\">L\u2019acc\u00e8s \u00e0 ce contenu a \u00e9t\u00e9 bloqu\u00e9 afin de respecter votre choix de consentement<\/p>\n<p class=\"mb-m@xs text-l@xs\">En cliquant sur\u00ab J\u2019accepte \u00bb, vous acceptez le d\u00e9p\u00f4t de cookies par des services externes et aurez ainsi acc\u00e8s aux contenus de nos partenaires.<\/p>\n<p class=\"mb-xl@xs text-s@xs\">Plus d\u2019informations sur la page<a href=\"https:\/\/www.20minutes.fr\/gestion-cookies\" class=\"mx-xxs@xs color-ultramarine\" target=\"_blank\" rel=\"noopener\">Politique de gestion des cookies<\/a><\/p>\n<p>J\u2019accepte<\/p>\n<p><a href=\"https:\/\/x.com\/JLeonardelli_\/status\/1946260429329637409\" target=\"_blank\" class=\"color-ultramarine c-link\">Le d\u00e9put\u00e9 europ\u00e9en Julien Leonardelli<\/a> a quant \u00e0 lui d\u00e9nonc\u00e9 dans un message post\u00e9 sur X \u00ab\u00a0un sectarisme de gauche\u00a0\u00bb. \u00ab\u00a0\u00c0 Toulouse, avec mes coll\u00e8gues@JulienOdoul et@ljacobelli, nous avons \u00e9t\u00e9 chass\u00e9s d\u2019un restaurant pour d\u00e9lit d\u2019opinion. Le sectarisme de gauche croit faire sa loi jusque dans les lieux publics. Rappelons-leur que notre l\u00e9gitimit\u00e9 vient du peuple\u00a0!\u00a0\u00bb, a-t-il \u00e9crit ce vendredi.<\/p>\n<p><script async src=\"https:\/\/platform.twitter.com\/widgets.js\" charset=\"utf-8\"><\/script><\/p>\n","protected":false},"excerpt":{"rendered":"La conf\u00e9rence de presse a tourn\u00e9 court. Des d\u00e9put\u00e9s du Rassemblement national (RN) se sont fait \u00ab\u00a0chasser\u00a0\u00bb d\u2019un&hellip;\n","protected":false},"author":2,"featured_media":259980,"comment_status":"","ping_status":"","sticky":false,"template":"","format":"standard","meta":{"footnotes":""},"categories":[2816],"tags":[1111,11,1153,422,1777,674,1011,27,2722,2721,12,2680,316,2556,25,1340,2312],"class_list":{"0":"post-259979","1":"post","2":"type-post","3":"status-publish","4":"format-standard","5":"has-post-thumbnail","7":"category-toulouse","8":"tag-actu","9":"tag-actualites","10":"tag-conference-de-presse","11":"tag-depute","12":"tag-eu","13":"tag-europe","14":"tag-fr","15":"tag-france","16":"tag-haute-garonne","17":"tag-midi-pyrenees","18":"tag-news","19":"tag-occitanie","20":"tag-politique","21":"tag-rassemblement-national-rn","22":"tag-republique-francaise","23":"tag-restaurant","24":"tag-toulouse"},"share_on_mastodon":{"url":"https:\/\/pubeurope.com\/@fr\/114882800670392133","error":""},"_links":{"self":[{"href":"https:\/\/www.europesays.com\/fr\/wp-json\/wp\/v2\/posts\/259979","targetHints":{"allow":["GET"]}}],"collection":[{"href":"https:\/\/www.europesays.com\/fr\/wp-json\/wp\/v2\/posts"}],"about":[{"href":"https:\/\/www.europesays.com\/fr\/wp-json\/wp\/v2\/types\/post"}],"author":[{"embeddable":true,"href":"https:\/\/www.europesays.com\/fr\/wp-json\/wp\/v2\/users\/2"}],"replies":[{"embeddable":true,"href":"https:\/\/www.europesays.com\/fr\/wp-json\/wp\/v2\/comments?post=259979"}],"version-history":[{"count":0,"href":"https:\/\/www.europesays.com\/fr\/wp-json\/wp\/v2\/posts\/259979\/revisions"}],"wp:featuredmedia":[{"embeddable":true,"href":"https:\/\/www.europesays.com\/fr\/wp-json\/wp\/v2\/media\/259980"}],"wp:attachment":[{"href":"https:\/\/www.europesays.com\/fr\/wp-json\/wp\/v2\/media?parent=259979"}],"wp:term":[{"taxonomy":"category","embeddable":true,"href":"https:\/\/www.europesays.com\/fr\/wp-json\/wp\/v2\/categories?post=259979"},{"taxonomy":"post_tag","embeddable":true,"href":"https:\/\/www.europesays.com\/fr\/wp-json\/wp\/v2\/tags?post=259979"}],"curies":[{"name":"wp","href":"https:\/\/api.w.org\/{rel}","templated":true}]}}