{"id":259984,"date":"2025-07-20T00:49:13","date_gmt":"2025-07-20T00:49:13","guid":{"rendered":"https:\/\/www.europesays.com\/fr\/259984\/"},"modified":"2025-07-20T00:49:13","modified_gmt":"2025-07-20T00:49:13","slug":"a-bel-ombre-le-mal-logement-est-plus-coriace-que-les-dealers","status":"publish","type":"post","link":"https:\/\/www.europesays.com\/fr\/259984\/","title":{"rendered":"\u00c0 Bel-Ombre, le mal logement est plus coriace que les dealers"},"content":{"rendered":"<p>La tentative d\u2019installation d\u2019un nouveau point de deal n\u2019\u00e9tait que la face \u00e9merg\u00e9e des dysfonctionnements \u00e0 Bel-Ombre (11e). Au d\u00e9but du mois, <a href=\"https:\/\/www.laprovence.com\/article\/region\/2348271978589614\/comment-les-habitants-de-bel-ombre-a-marseille-sorganisent-pour-empecher-linstallation-de-dealers-dans-leur-quartier\" target=\"_blank\" rel=\"noopener\">les habitants de cette copropri\u00e9t\u00e9 se relayaient au pied des immeubles<\/a> pour \u00ab\u00a0emp\u00eacher le nouveau r\u00e9seau de drogue\u00a0\u00bb de s\u2019installer dans le quartier. Si l\u2019action semble avoir \u00e9loign\u00e9 les dealers, elle a aussi permis d\u2019attirer l\u2019attention des pouvoirs publics sur cette copropri\u00e9t\u00e9 d\u00e9grad\u00e9e.<\/p>\n<p>Cette semaine, le collectif de r\u00e9sidents a ainsi \u00e9t\u00e9 re\u00e7u par <a href=\"https:\/\/www.laprovence.com\/article\/faits-divers-justice\/1715717284372815\/dans-les-bouches-du-rhone-revoila-une-prefete-deleguee-a-la-police\" target=\"_blank\" rel=\"noopener\">le sous-pr\u00e9fet de police<\/a>, Yannis Bouzar, obtenant une participation r\u00e9guli\u00e8re aux GPO (groupes de partenariat op\u00e9rationnels qui rassemblent forces de l\u2019ordre, \u00e9lus, collectifs d\u2019habitants, bailleurs, r\u00e9gie de transports\u2026) du secteur et un lien direct avec le commissaire du 12e. \u00ab\u00a0Entendus\u00a0\u00bb lors de cette rencontre sur le volet s\u00e9curitaire, les habitants sont plus circonspects quant \u00e0 leur rendez-vous, jeudi 18\u00a0juillet, avec des \u00e9lus de la Ville et la pr\u00e9f\u00e8te d\u00e9l\u00e9gu\u00e9e \u00e0 l\u2019\u00e9galit\u00e9 des chances. Il \u00e9tait question cette fois de traiter \u00ab\u00a0la d\u00e9gradation rapide\u00a0\u00bb du b\u00e2ti et des parties communes de cet ensemble de 250 logements.<\/p>\n<p>Faute d\u2019ascenseur, des habitants \u00ab\u00a0enferm\u00e9s chez eux\u00a0\u00bb<\/p>\n<p>\u00ab\u00a0<a href=\"https:\/\/www.laprovence.com\/videos\/marseille-des-locataires-excds-par-des-pannes-d-ascenseur-rptition\/1729669941453\" target=\"_blank\" rel=\"noopener\">Aucun des huit ascenseurs ne fonctionne<\/a> dans des immeubles de seize \u00e9tages. Les infirmiers et les aides-soignants ne montent plus\u2026 Certains habitants sont enferm\u00e9s chez eux, d\u2019autres ne peuvent plus faire leurs courses. Plus rien n\u2019est nettoy\u00e9 et nous continuons \u00e0 payer des charges\u00a0!, d\u00e9crit l\u2019un des copropri\u00e9taires. Depuis plus de deux ans, un administrateur judiciaire a pris le relais d\u2019un syndic d\u00e9faillant. Mais cela n\u2019a fait qu\u2019acc\u00e9l\u00e9rer la d\u00e9gradation du quartier. On demande que l\u2019urgence soit trait\u00e9e mais les r\u00e9ponses de pouvoirs publics ne sont pas \u00e0 la hauteur.\u00a0\u00bb<\/p>\n","protected":false},"excerpt":{"rendered":"La tentative d\u2019installation d\u2019un nouveau point de deal n\u2019\u00e9tait que la face \u00e9merg\u00e9e des dysfonctionnements \u00e0 Bel-Ombre (11e).&hellip;\n","protected":false},"author":2,"featured_media":259985,"comment_status":"","ping_status":"","sticky":false,"template":"","format":"standard","meta":{"footnotes":""},"categories":[2814],"tags":[17,1111,11,39999,40000,932,1777,674,1011,27,1908,26830,884,12,378,882,16,25],"class_list":{"0":"post-259984","1":"post","2":"type-post","3":"status-publish","4":"format-standard","5":"has-post-thumbnail","7":"category-marseille","8":"tag-17","9":"tag-actu","10":"tag-actualites","11":"tag-bel-ombre","12":"tag-coriace","13":"tag-est","14":"tag-eu","15":"tag-europe","16":"tag-fr","17":"tag-france","18":"tag-logement","19":"tag-mal","20":"tag-marseille","21":"tag-news","22":"tag-plus","23":"tag-provence-alpes-cote-dazur","24":"tag-region","25":"tag-republique-francaise"},"share_on_mastodon":{"url":"https:\/\/pubeurope.com\/@fr\/114882816439751245","error":""},"_links":{"self":[{"href":"https:\/\/www.europesays.com\/fr\/wp-json\/wp\/v2\/posts\/259984","targetHints":{"allow":["GET"]}}],"collection":[{"href":"https:\/\/www.europesays.com\/fr\/wp-json\/wp\/v2\/posts"}],"about":[{"href":"https:\/\/www.europesays.com\/fr\/wp-json\/wp\/v2\/types\/post"}],"author":[{"embeddable":true,"href":"https:\/\/www.europesays.com\/fr\/wp-json\/wp\/v2\/users\/2"}],"replies":[{"embeddable":true,"href":"https:\/\/www.europesays.com\/fr\/wp-json\/wp\/v2\/comments?post=259984"}],"version-history":[{"count":0,"href":"https:\/\/www.europesays.com\/fr\/wp-json\/wp\/v2\/posts\/259984\/revisions"}],"wp:featuredmedia":[{"embeddable":true,"href":"https:\/\/www.europesays.com\/fr\/wp-json\/wp\/v2\/media\/259985"}],"wp:attachment":[{"href":"https:\/\/www.europesays.com\/fr\/wp-json\/wp\/v2\/media?parent=259984"}],"wp:term":[{"taxonomy":"category","embeddable":true,"href":"https:\/\/www.europesays.com\/fr\/wp-json\/wp\/v2\/categories?post=259984"},{"taxonomy":"post_tag","embeddable":true,"href":"https:\/\/www.europesays.com\/fr\/wp-json\/wp\/v2\/tags?post=259984"}],"curies":[{"name":"wp","href":"https:\/\/api.w.org\/{rel}","templated":true}]}}