{"id":259988,"date":"2025-07-20T00:51:18","date_gmt":"2025-07-20T00:51:18","guid":{"rendered":"https:\/\/www.europesays.com\/fr\/259988\/"},"modified":"2025-07-20T00:51:18","modified_gmt":"2025-07-20T00:51:18","slug":"un-homme-de-35-ans-tue-par-arme-blanche-au-sud-de-lyon","status":"publish","type":"post","link":"https:\/\/www.europesays.com\/fr\/259988\/","title":{"rendered":"Un homme de 35 ans tu\u00e9 par arme blanche au sud de Lyon"},"content":{"rendered":"<p class=\"paragraph text_align_left lp-f-body-02\">Un homme de 35 ans a \u00e9t\u00e9 tu\u00e9 par arme blanche samedi matin \u00e0 Saint-Fons, au sud de Lyon, et un autre s\u2019est rendu \u00e0 la police, a indiqu\u00e9 \u00e0 l\u2019AFP le parquet de Lyon.<\/p>\n<p class=\"paragraph text_align_left lp-f-body-02\">\u00ab Un homme de 24 ans s\u2019est pr\u00e9sent\u00e9 au commissariat \u00e0 15 heures en s\u2019accusant du meurtre \u00bb samedi et \u00ab il a \u00e9t\u00e9 plac\u00e9 en garde \u00e0 vue \u00bb a pr\u00e9cis\u00e9 le parquet.<\/p>\n<p>Une enqu\u00eate ouverte<\/p>\n<p class=\"paragraph text_align_left lp-f-body-02\">La victime pr\u00e9sentait une plaie au thorax et \u00ab a \u00e9t\u00e9 tu\u00e9e ce matin aux alentours de 5 heures 20 rue Emile Zola \u00bb, a-t-il ajout\u00e9, sans pr\u00e9ciser davantage les circonstances. <\/p>\n<p class=\"paragraph text_align_left lp-f-body-02\">Selon une source polici\u00e8re, elle a \u00e9t\u00e9 bless\u00e9e lors d\u2019une rixe sur la voie publique, au cours de laquelle un deuxi\u00e8me homme a \u00e9galement \u00e9t\u00e9 bless\u00e9 \u00e0 l\u2019abdomen par arme blanche sans que ses jours ne soient en danger. Les deux victimes sont connues des services de police selon cette m\u00eame source.<\/p>\n<p class=\"lp-card-podcast-highlighting__title  lp-f-subtitle-05\">[3\/4] L\u2019attentat du \u00ab\u00a0Rainbow Warrior\u00a0\u00bb\u00a0: un scandale d\u2019\u00c9tat<\/p>\n<p class=\"lp-card-podcast-highlighting__description lp-f-ui-05\">Crime story raconte chaque semaine les grandes affaires criminelles.<\/p>\n<p><a class=\"lp-card-podcast-highlighting__call-to-action\" data-page-type=\"HP\" data-block-name=\"podcast-highlight\">\u00c9couter<\/a><\/p>\n<p class=\"paragraph text_align_left lp-f-body-02\">Une enqu\u00eate a \u00e9t\u00e9 ouverte du chef d\u2019homicide volontaire et confi\u00e9e \u00e0 la division de la criminalit\u00e9 territoriale du Rh\u00f4ne, a pr\u00e9cis\u00e9 le parquet.<\/p>\n<p class=\"paragraph text_align_left lp-f-body-02\">Dans la nuit de vendredi \u00e0 samedi, un autre homme, \u00e2g\u00e9 de 31 ans, a aussi \u00e9t\u00e9 tu\u00e9 \u00e0 l\u2019arme blanche \u00e0 Clermont-Ferrand (Puy-de-D\u00f4me). La victime avait \u00e9t\u00e9 touch\u00e9e au coeur et au poumon vers minuit et est d\u00e9c\u00e9d\u00e9e \u00e0 l\u2019h\u00f4pital, et un deuxi\u00e8me homme a \u00e9t\u00e9 bless\u00e9. Une source polici\u00e8re \u00e9voque l\u2019hypoth\u00e8se d\u2019un diff\u00e9rend avec trois personnes dans un contexte alcoolis\u00e9.<\/p>\n","protected":false},"excerpt":{"rendered":"Un homme de 35 ans a \u00e9t\u00e9 tu\u00e9 par arme blanche samedi matin \u00e0 Saint-Fons, au sud de&hellip;\n","protected":false},"author":2,"featured_media":259989,"comment_status":"","ping_status":"","sticky":false,"template":"","format":"standard","meta":{"footnotes":""},"categories":[1889],"tags":[1111,11,2430,459,1777,674,118,1011,27,2428,12,25],"class_list":{"0":"post-259988","1":"post","2":"type-post","3":"status-publish","4":"format-standard","5":"has-post-thumbnail","7":"category-lyon","8":"tag-actu","9":"tag-actualites","10":"tag-auvergne-rhone-alpes","11":"tag-departements-horsidfo","12":"tag-eu","13":"tag-europe","14":"tag-faits-divers","15":"tag-fr","16":"tag-france","17":"tag-lyon","18":"tag-news","19":"tag-republique-francaise"},"share_on_mastodon":{"url":"https:\/\/pubeurope.com\/@fr\/114882824330114987","error":""},"_links":{"self":[{"href":"https:\/\/www.europesays.com\/fr\/wp-json\/wp\/v2\/posts\/259988","targetHints":{"allow":["GET"]}}],"collection":[{"href":"https:\/\/www.europesays.com\/fr\/wp-json\/wp\/v2\/posts"}],"about":[{"href":"https:\/\/www.europesays.com\/fr\/wp-json\/wp\/v2\/types\/post"}],"author":[{"embeddable":true,"href":"https:\/\/www.europesays.com\/fr\/wp-json\/wp\/v2\/users\/2"}],"replies":[{"embeddable":true,"href":"https:\/\/www.europesays.com\/fr\/wp-json\/wp\/v2\/comments?post=259988"}],"version-history":[{"count":0,"href":"https:\/\/www.europesays.com\/fr\/wp-json\/wp\/v2\/posts\/259988\/revisions"}],"wp:featuredmedia":[{"embeddable":true,"href":"https:\/\/www.europesays.com\/fr\/wp-json\/wp\/v2\/media\/259989"}],"wp:attachment":[{"href":"https:\/\/www.europesays.com\/fr\/wp-json\/wp\/v2\/media?parent=259988"}],"wp:term":[{"taxonomy":"category","embeddable":true,"href":"https:\/\/www.europesays.com\/fr\/wp-json\/wp\/v2\/categories?post=259988"},{"taxonomy":"post_tag","embeddable":true,"href":"https:\/\/www.europesays.com\/fr\/wp-json\/wp\/v2\/tags?post=259988"}],"curies":[{"name":"wp","href":"https:\/\/api.w.org\/{rel}","templated":true}]}}