{"id":259996,"date":"2025-07-20T00:57:17","date_gmt":"2025-07-20T00:57:17","guid":{"rendered":"https:\/\/www.europesays.com\/fr\/259996\/"},"modified":"2025-07-20T00:57:17","modified_gmt":"2025-07-20T00:57:17","slug":"a-paris-les-safe-place-se-developpent-dans-les-festivals","status":"publish","type":"post","link":"https:\/\/www.europesays.com\/fr\/259996\/","title":{"rendered":"\u00e0 Paris, les \u00ab\u00a0safe place\u00a0\u00bb se d\u00e9veloppent dans les festivals"},"content":{"rendered":"<p>            Par<br \/>\n        <strong><br \/>\n            <a href=\"https:\/\/actu.fr\/auteur\/ines-cussac-actu-fr\" title=\"Consulter tous les articles de In\u00e8s Cussac\" rel=\"nofollow noopener\" target=\"_blank\">In\u00e8s Cussac<\/a><br \/>\n        <\/strong><\/p>\n<p>        Publi\u00e9 le<\/p>\n<p>            19 juil. 2025 \u00e0 8h18        <\/p>\n<p>\u00ab\u2009Normalement, un transat en <a href=\"https:\/\/actu.fr\/ile-de-france\/paris_75056\/rock-en-seine-solidays-we-love-green-quel-festival-a-le-meilleur-rapport-qualite-prix-a-paris_59635005.html\" rel=\"nofollow noopener\" target=\"_blank\">festival<\/a> \u00e7a vaut cher.\u2009\u00bb Pour Maori, 22\u00a0ans, la pause est savoureuse. Le jeune homme \u00e9tendu sur sa chaise longue se ressource avant de s\u2019atteler \u00e0 sa mission de b\u00e9n\u00e9vole <a href=\"https:\/\/actu.fr\/ile-de-france\/paris_75056\/paris-le-festival-lollapalooza-annule-a-cause-des-jo-de-paris-2024_60793628.html\" rel=\"nofollow noopener\" target=\"_blank\">du festival Lollapalooza<\/a>. L\u2019\u00e9v\u00e9nement phare des \u00e9t\u00e9s parisiens qui se d\u00e9roule \u00e0 <a href=\"https:\/\/actu.fr\/ile-de-france\/paris_75056\/afterworks-dj-a-paris-les-hippodromes-de-longchamp-et-vincennes-a-la-conquete-de-nouveaux-publics_62873221.html\" rel=\"nofollow noopener\" target=\"_blank\">l\u2019hippodrome de Longchamp<\/a>, du vendredi 18 au dimanche 20 juillet 2025, a rallum\u00e9 les platines. Pour cette septi\u00e8me \u00e9dition, les organisateurs ont d\u00e9ploy\u00e9 un nouvel espace d\u00e9di\u00e9 au bien-\u00eatre et enti\u00e8rement gratuit, baptis\u00e9<strong> \u00ab\u2009Lolla Wellness\u2009\u00bb.<\/strong><\/p>\n<p>Un espace herm\u00e9tique au son et \u00e0 la foule<\/p>\n<p class=\" wall-content\">C\u2019est un petit chemin entre les arbres qui conduit les festivaliers dans cette zone o\u00f9 le calme r\u00e8gne en ma\u00eetre. Un bar \u00e0 ongles ici, un stand de massage l\u00e0. <strong>Et une Maison Bulle au bout<\/strong>. Sous cette tente pas comme les autres, presque herm\u00e9tique aux bruit \u00e9manant des trois sc\u00e8nes de concert, les participants s\u2019installent pour souffler. \u00ab\u2009Les gens viennent en groupe, avec un accompagnant ou bien seul. Il arrive qu\u2019une personne soit d\u00e9pos\u00e9e par ses amis pour qu\u2019elle se ressource et eux repartent faire la f\u00eate. Mais ils ne la l\u00e2chent pas, ils connaissent l\u2019association. C\u2019est tr\u00e8s bienveillant\u2009\u00bb, r\u00e9sume Lana, manager des b\u00e9n\u00e9voles de la Maison Bulle.<\/p>\n<p class=\" wall-content\">L\u2019association cr\u00e9e par l\u2019influenceuse Marine LB il y a trois ans b\u00e9n\u00e9ficie pour la deuxi\u00e8me fois d\u2019un emplacement \u00e0 Lollapalooza. \u00ab\u2009Avant, on avait une petite \u2018safe place\u2019 mais on s\u2019est rendu compte que <strong>les besoins \u00e9taient tellement importants<\/strong> qu\u2019on a d\u00e9cid\u00e9 de refaire d\u2019autres festivals\u2009\u00bb, indique Lana derri\u00e8re ses grands carreaux dor\u00e9s. Surtout, ce qui \u00e9tait un modeste recoin pour se ressourcer s\u2019est transform\u00e9 en v\u00e9ritable maison avec jardin. \u00c0 l\u2019int\u00e9rieur de la tente, le beige et les couleurs pastel calment toutes les ardeurs. Les rideaux, les tapis et les coussins enveloppent les festivaliers les plus angoiss\u00e9s.<\/p>\n<p class=\" wall-content\">Ces derniers qui souffrent parfois de troubles anxieux peuvent trouver une forme de r\u00e9confort et des oreilles pour les \u00e9couter. Tous les b\u00e9n\u00e9voles qui \u0153uvrent \u00e0 la Maison Bulle sont form\u00e9s pour accueillir au mieux les propos de personnes \u00e0 <a href=\"https:\/\/actu.fr\/societe\/depression-pensees-suicidaires-la-sante-mentale-des-ados-francais-est-en-chute-libre_60931960.html\" rel=\"nofollow noopener\" target=\"_blank\">la sant\u00e9 mentale mise \u00e0 mal<\/a> pendant les attroupements des concerts notamment. Lego, jeux de soci\u00e9t\u00e9, casque de r\u00e9duction de bruit, livres d\u2019activit\u00e9s sont propos\u00e9s sous la tente. Il y a aussi de quoi se d\u00e9maquiller et se remaquiller. Une cafeti\u00e8re pour reprendre des forces ou encore un mini-frigo en cas de besoin. Au fond, une jeune fille est allong\u00e9e sur des coussins, un masque de massage sur les yeux. Dehors, une autre sort d\u2019une crise d\u2019anxi\u00e9t\u00e9 et reprend son souffle doucement. Derri\u00e8re elle, une t\u00eate blonde d\u00e9vore un livre.<\/p>\n<p>    <img   decoding=\"async\" loading=\"lazy\" src=\"https:\/\/www.europesays.com\/fr\/wp-content\/uploads\/2025\/07\/46c1f5fe-7e33-417f-a6de-31867f4b9717-960x640.jpg\" alt=\"Tous les b\u00e9n\u00e9voles de Maison Bulle sont form\u00e9s \u00e0 l'\u00e9coute.\" width=\"960\" height=\"640\"\/><br \/>\n    Tous les b\u00e9n\u00e9voles de Maison Bulle sont form\u00e9s \u00e0 l\u2019\u00e9coute. (\u00a9IC \/ actu Paris)<\/p>\n<p class=\" wall-content\">\u00ab\u2009C\u2019est vraiment <strong>un espace hyper \u2018chill\u2019,<\/strong> je trouve \u00e7a cool. On avait envie de se poser avant de commencer le festival\u2009\u00bb, explique Caroline aux chaussettes blanches dans des baskets blanches. \u00ab\u2009En festival, c\u2019est toujours compliqu\u00e9 de trouver des spots tranquilles\u2009\u00bb, ajoute son amie St\u00e9phanie. Et Caroline d\u2019enfoncer\u2009: \u00ab\u2009A tout moment, je viens l\u00e0 pendant la soir\u00e9e et je m\u2019endors\u2009!\u2009\u00bb<\/p>\n<p>Une perte s\u00e8che pour les festivals<\/p>\n<p class=\" wall-content\">Les \u00ab\u2009safe place\u2009\u00bb sont de plus en plus d\u00e9velopp\u00e9s dans les festivals. \u00c0 l\u2019image du d\u00e9ploiement de Maison Bulle. Cette ann\u00e9e, l\u2019association s\u2019est invit\u00e9e \u00e0 sept festivals\u2009: We Love Green, Les D\u00e9ferlantes, Les Ardentes, Main Square Festival, Delta Festival et le GP Explorer. De plus en plus d\u2019organisateurs de festivals per\u00e7oivent l\u2019int\u00e9r\u00eat de d\u00e9velopper des espaces de d\u00e9tente et de bien \u00eatre pour leurs festivaliers. \u00ab\u2009Il y a vraiment <strong>une prise de conscience <\/strong>sur les questions de sant\u00e9 mentale\u2009\u00bb, note Pierre-Louis Mal\u00e9jac, agent de Marine LB. \u00ab\u2009Pour les festivals, avoir de tels stands repr\u00e9sente une perte s\u00e8che importante. Mais c\u2019est tellement b\u00e9n\u00e9fique pour les festivaliers que de plus en plus d\u2019\u00e9v\u00e9nements nous demandent de venir et de revenir.\u2009\u00bb<\/p>\n<p class=\" wall-content\">Les b\u00e9n\u00e9voles de Maison Bulle sont par ailleurs r\u00e9partis en trois p\u00f4les. Certains sont post\u00e9s pr\u00e8s de la tente pour accueillir les personnes. D\u2019autres arpentent les quatre coins de l\u2019hippodrome pour <strong>faire de la pr\u00e9vention<\/strong> aupr\u00e8s des 120 000 personnes qui doivent se retrouver durant les trois jours. Un dernier groupe enfin, form\u00e9 de professionnels de sant\u00e9, accompagnent les b\u00e9n\u00e9voles de la Croix-Rouge.\u00a0<\/p>\n<p class=\" wall-content\">\u00ab\u2009Je pense que tous les festivals, surtout ceux o\u00f9 il y a des jeunes, devraient avoir des stands comme \u00e7a. Juste pour se poser ou se relaxer. Entre la foule, la musique super forte, l\u2019alcool\u2026 Parfois, on a juste envie de faire une toute petite pause <strong>pour mieux repartir<\/strong>\u2009\u00bb, sugg\u00e8re Aude sous ses cheveux boucl\u00e9s. Lana aussi travaille pour d\u00e9velopper ces espaces. \u00ab\u2009Cela a un vrai impact, on a des retours imm\u00e9diatement. Tout le monde nous dit merci. On m\u2019a d\u00e9j\u00e0 dit\u2009: merci, vous avez sauv\u00e9 mon festival et ma soir\u00e9e\u2009!\u2009\u00bb se r\u00e9jouit encore la jeune femme.<\/p>\n<p class=\" wall-content\">Suivez toute l\u2019actualit\u00e9 de vos villes et m\u00e9dias favoris en vous inscrivant \u00e0 <a href=\"https:\/\/moncompte.actu.fr\" title=\"D\u00e9couvez Mon Actu\" rel=\"nofollow noopener\" data-trk=\"{&quot;cta&quot;:{&quot;action&quot;:&quot;https:\\\/\\\/moncompte.actu.fr&quot;,&quot;category&quot;:&quot;mon compte&quot;,&quot;from&quot;:&quot;article footer&quot;,&quot;name&quot;:&quot;Mon actu&quot;,&quot;type&quot;:&quot;cta&quot;}}\" target=\"_blank\">Mon Actu<\/a>.<\/p>\n","protected":false},"excerpt":{"rendered":"Par In\u00e8s Cussac Publi\u00e9 le 19 juil. 2025 \u00e0 8h18 \u00ab\u2009Normalement, un transat en festival \u00e7a vaut cher.\u2009\u00bb&hellip;\n","protected":false},"author":2,"featured_media":259997,"comment_status":"","ping_status":"","sticky":false,"template":"","format":"standard","meta":{"footnotes":""},"categories":[1888],"tags":[11,1697,1777,674,1011,27,1652,40001,873,12,626,25],"class_list":{"0":"post-259996","1":"post","2":"type-post","3":"status-publish","4":"format-standard","5":"has-post-thumbnail","7":"category-paris","8":"tag-actualites","9":"tag-concert","10":"tag-eu","11":"tag-europe","12":"tag-fr","13":"tag-france","14":"tag-loisirs-culture","15":"tag-lollapalooza","16":"tag-musique","17":"tag-news","18":"tag-paris","19":"tag-republique-francaise"},"share_on_mastodon":{"url":"https:\/\/pubeurope.com\/@fr\/114882848038721636","error":""},"_links":{"self":[{"href":"https:\/\/www.europesays.com\/fr\/wp-json\/wp\/v2\/posts\/259996","targetHints":{"allow":["GET"]}}],"collection":[{"href":"https:\/\/www.europesays.com\/fr\/wp-json\/wp\/v2\/posts"}],"about":[{"href":"https:\/\/www.europesays.com\/fr\/wp-json\/wp\/v2\/types\/post"}],"author":[{"embeddable":true,"href":"https:\/\/www.europesays.com\/fr\/wp-json\/wp\/v2\/users\/2"}],"replies":[{"embeddable":true,"href":"https:\/\/www.europesays.com\/fr\/wp-json\/wp\/v2\/comments?post=259996"}],"version-history":[{"count":0,"href":"https:\/\/www.europesays.com\/fr\/wp-json\/wp\/v2\/posts\/259996\/revisions"}],"wp:featuredmedia":[{"embeddable":true,"href":"https:\/\/www.europesays.com\/fr\/wp-json\/wp\/v2\/media\/259997"}],"wp:attachment":[{"href":"https:\/\/www.europesays.com\/fr\/wp-json\/wp\/v2\/media?parent=259996"}],"wp:term":[{"taxonomy":"category","embeddable":true,"href":"https:\/\/www.europesays.com\/fr\/wp-json\/wp\/v2\/categories?post=259996"},{"taxonomy":"post_tag","embeddable":true,"href":"https:\/\/www.europesays.com\/fr\/wp-json\/wp\/v2\/tags?post=259996"}],"curies":[{"name":"wp","href":"https:\/\/api.w.org\/{rel}","templated":true}]}}