{"id":260008,"date":"2025-07-20T01:03:13","date_gmt":"2025-07-20T01:03:13","guid":{"rendered":"https:\/\/www.europesays.com\/fr\/260008\/"},"modified":"2025-07-20T01:03:13","modified_gmt":"2025-07-20T01:03:13","slug":"les-bleues-echouent-encore-en-quart-de-finale-de-leuro","status":"publish","type":"post","link":"https:\/\/www.europesays.com\/fr\/260008\/","title":{"rendered":"les Bleues \u00e9chouent encore en quart de finale de l\u2019Euro"},"content":{"rendered":"<p>                         <img loading=\"lazy\" decoding=\"async\" src=\"https:\/\/www.europesays.com\/fr\/wp-content\/uploads\/2025\/07\/37018a8_ftp-import-images-1-vh1mmwxqiat1-5454485-01-06.jpg\" alt=\"Les Bleues r\u00e9agissent apr\u00e8s leur \u00e9limination en quart de finale de l\u2019Euro 2025, \u00e0 B\u00e2le, en Suisse, le 19\u00a0juillet 2025. \"   width=\"664\" height=\"443\"\/>    Les Bleues r\u00e9agissent apr\u00e8s leur \u00e9limination en quart de finale de l\u2019Euro 2025, \u00e0 B\u00e2le, en Suisse, le 19\u00a0juillet 2025.  SEBASTIEN BOZON\/AFP                 <\/p>\n<p class=\"article__paragraph  \">Une \u00e9quipe en inf\u00e9riorit\u00e9 num\u00e9rique \u2013 l\u2019Allemagne \u2013 qui r\u00e9siste pendant presque deux heures, une autre \u2013 la France \u2013 qui n\u2019arrive pas \u00e0 faire la diff\u00e9rence et une victoire qui se d\u00e9cide en faveur de la premi\u00e8re lors de la s\u00e9ance des tirs au but.<\/p>\n<p class=\"article__paragraph  \">Ce sc\u00e9nario est un classique du football. Samedi 19\u00a0juillet, au Parc Saint-Jacques de B\u00e2le (Suisse), il a tristement tourn\u00e9 en d\u00e9faveur des Bleues, une nouvelle fois \u00e9limin\u00e9es en quart de finale de l\u2019Euro 2025 (1-1, 6-5\u00a0t.a.b), pour la septi\u00e8me fois lors de leurs huit derni\u00e8res grandes comp\u00e9titions. \u00ab\u00a0On s\u2019arr\u00eate en quart de finale. Je n\u2019ai pas de mots, je suis d\u00e9\u00e7ue et triste, a r\u00e9agi <a href=\"https:\/\/www.lemonde.fr\/sport\/article\/2025\/07\/13\/euro-2025-feminin-au-sein-de-l-equipe-de-france-un-leadership-savamment-partage_6621019_3242.html\" rel=\"nofollow noopener\" target=\"_blank\">la capitaine Griedge Mbock<\/a>. On a manqu\u00e9 d\u2019efficacit\u00e9. On peut f\u00e9liciter cette \u00e9quipe allemande qui n\u2019a rien l\u00e2ch\u00e9 \u00e0 dix contre onze.\u00a0\u00bb<\/p>\n<p class=\"article__paragraph  \">Moins abattu que ses joueuses, le s\u00e9lectionneur Laurent Bonadei a trouv\u00e9 des motifs de satisfaction\u00a0: \u00ab\u00a0Je trouve que cette \u00e9quipe a progress\u00e9. Elle a donn\u00e9 beaucoup d\u2019espoir, c\u2019est aussi pour cela qu\u2019il y a de la d\u00e9ception et de la frustration.\u00a0\u00bb<\/p>\n<p>                              Lire aussi |  <a href=\"https:\/\/www.lemonde.fr\/sport\/live\/2025\/07\/19\/en-direct-france-allemagne-suivez-le-quart-de-finale-de-l-euro-2025-feminin-de-football_6622245_3242.html\" class=\"js-article-read-also catcher--favoris__link\" data-premium=\"\" id=\"article-title-3432008\" rel=\"nofollow noopener\" target=\"_blank\">France-Allemagne\u00a0: les Bleues \u00e9limin\u00e9es de l\u2019Euro 2025 \u00e0 l\u2019issue d\u2019un match m\u00e9morable<\/a>    <\/p>\n<p>   Lire plus tard  <\/p>\n<p>                 P\u00e9rip\u00e9ties           <\/p>\n<p class=\"article__paragraph  \">Toute une s\u00e9rie de p\u00e9rip\u00e9ties \u2013 un carton rouge pr\u00e9coce, deux penaltys, deux buts refus\u00e9s pour hors-jeu, une prolongation, un sauvetage h\u00e9ro\u00efque, une barre transversale et des tirs au but \u2013 ont accentu\u00e9 la dramaturgie de cette \u00e9limination. L\u2019\u00e9quipe de France quitte la comp\u00e9tition sans avoir perdu un seul match, \u00e0 la suite de deux rat\u00e9s d\u2019Amel Majri et d\u2019Alice Sombath\u2026<\/p>\n<p class=\"reading-mode-only \"><strong>Il vous reste 78.03% de cet article \u00e0 lire. La suite est r\u00e9serv\u00e9e aux abonn\u00e9s.<\/strong><\/p>\n","protected":false},"excerpt":{"rendered":"Les Bleues r\u00e9agissent apr\u00e8s leur \u00e9limination en quart de finale de l\u2019Euro 2025, \u00e0 B\u00e2le, en Suisse, le&hellip;\n","protected":false},"author":2,"featured_media":260009,"comment_status":"","ping_status":"","sticky":false,"template":"","format":"standard","meta":{"footnotes":""},"categories":[1587],"tags":[11,672,1804,1805,1803,1777,674,1801,12,1802],"class_list":{"0":"post-260008","1":"post","2":"type-post","3":"status-publish","4":"format-standard","5":"has-post-thumbnail","7":"category-allemagne","8":"tag-actualites","9":"tag-allemagne","10":"tag-bundesrepublik-deutschland","11":"tag-de","12":"tag-deutschland","13":"tag-eu","14":"tag-europe","15":"tag-germany","16":"tag-news","17":"tag-republique-federale-dallemagne"},"share_on_mastodon":{"url":"https:\/\/pubeurope.com\/@fr\/114882871705630259","error":""},"_links":{"self":[{"href":"https:\/\/www.europesays.com\/fr\/wp-json\/wp\/v2\/posts\/260008","targetHints":{"allow":["GET"]}}],"collection":[{"href":"https:\/\/www.europesays.com\/fr\/wp-json\/wp\/v2\/posts"}],"about":[{"href":"https:\/\/www.europesays.com\/fr\/wp-json\/wp\/v2\/types\/post"}],"author":[{"embeddable":true,"href":"https:\/\/www.europesays.com\/fr\/wp-json\/wp\/v2\/users\/2"}],"replies":[{"embeddable":true,"href":"https:\/\/www.europesays.com\/fr\/wp-json\/wp\/v2\/comments?post=260008"}],"version-history":[{"count":0,"href":"https:\/\/www.europesays.com\/fr\/wp-json\/wp\/v2\/posts\/260008\/revisions"}],"wp:featuredmedia":[{"embeddable":true,"href":"https:\/\/www.europesays.com\/fr\/wp-json\/wp\/v2\/media\/260009"}],"wp:attachment":[{"href":"https:\/\/www.europesays.com\/fr\/wp-json\/wp\/v2\/media?parent=260008"}],"wp:term":[{"taxonomy":"category","embeddable":true,"href":"https:\/\/www.europesays.com\/fr\/wp-json\/wp\/v2\/categories?post=260008"},{"taxonomy":"post_tag","embeddable":true,"href":"https:\/\/www.europesays.com\/fr\/wp-json\/wp\/v2\/tags?post=260008"}],"curies":[{"name":"wp","href":"https:\/\/api.w.org\/{rel}","templated":true}]}}