{"id":260015,"date":"2025-07-20T01:07:17","date_gmt":"2025-07-20T01:07:17","guid":{"rendered":"https:\/\/www.europesays.com\/fr\/260015\/"},"modified":"2025-07-20T01:07:17","modified_gmt":"2025-07-20T01:07:17","slug":"lanimateur-star-inhume-dans-lintimite-a-menerbes-dans-le-vaucluse","status":"publish","type":"post","link":"https:\/\/www.europesays.com\/fr\/260015\/","title":{"rendered":"l&rsquo;animateur star inhum\u00e9 dans l&rsquo;intimit\u00e9 \u00e0 M\u00e9nerbes dans le Vaucluse"},"content":{"rendered":"<p>Loin de la foule compos\u00e9e de quelque 1\u00a0000 personnes venues rendre un dernier hommage \u00e0 <a href=\"https:\/\/www.laprovence.com\/article\/culture-loisirs\/8570430938422914\/mort-de-thierry-ardisson-lhomme-en-noir-de-la-tele-francaise-sest-eteint-a-lage-de-76-ans\" target=\"_blank\" rel=\"nofollow noopener\">Thierry Ardisson<\/a> lors de ses obs\u00e8ques, jeudi 17\u00a0juillet, en l&rsquo;\u00e9glise Saint-Roch, \u00e0 Paris, c&rsquo;est dans la plus stricte intimit\u00e9 que l&rsquo;animateur de 76 ans a \u00e9t\u00e9 inhum\u00e9 deux jours plus tard, ce samedi 19\u00a0juillet, dans le cimeti\u00e8re de <a href=\"https:\/\/www.laprovence.com\/vaucluse\/menerbes-84073\" target=\"_blank\" rel=\"nofollow noopener\">M\u00e9nerbes<\/a>, o\u00f9 il poss\u00e8de une demeure.<\/p>\n<p>Des fleurs blanches pour l&rsquo;Homme en noir<\/p>\n<p>La veille, d\u00e8s vendredi, les fleurs blanches et noires, envoy\u00e9es de la part d&rsquo;amis, de Paris Premi\u00e8re, de la Sacem ou encore du pr\u00e9sident de la R\u00e9publique et de sa femme, <a href=\"https:\/\/www.laprovence.com\/article\/societe\/43032903196782\/emmanuel-et-brigitte-macron-se-sont-rendus-aux-obseques-de-la-soeur-de-la-premiere-dame\" target=\"_blank\" rel=\"nofollow noopener\">Brigitte Macron<\/a>, \u00e9taient dispos\u00e9es autour du caveau familial.<\/p>\n<p><img alt=\"L'\u00c9lys\u00e9e avait notamment envoy\u00e9 des fleurs.\" loading=\"lazy\" decoding=\"async\" data-nimg=\"fill\" class=\" TwicCore_img__i9TC1 undefined  undefined\" style=\"position:absolute;height:100%;width:100%;left:0;top:0;right:0;bottom:0;color:transparent;background-size:cover;background-position:50% 50%;background-repeat:no-repeat;background-image:url(&quot;data:image\/svg+xml;charset=utf-8,%3Csvg xmlns='http:\/\/www.w3.org\/2000\/svg' %3E%3Cfilter id='b' color-interpolation-filters='sRGB'%3E%3CfeGaussianBlur stdDeviation='20'\/%3E%3CfeColorMatrix values='1 0 0 0 0 0 1 0 0 0 0 0 1 0 0 0 0 0 100 -1' result='s'\/%3E%3CfeFlood x='0' y='0' width='100%25' height='100%25'\/%3E%3CfeComposite operator='out' in='s'\/%3E%3CfeComposite in2='SourceGraphic'\/%3E%3CfeGaussianBlur stdDeviation='20'\/%3E%3C\/filter%3E%3Cimage width='100%25' height='100%25' x='0' y='0' preserveAspectRatio='none' style='filter: url(%23b);' href='https:\/\/pictures.laprovence.com\/cdn-cgi\/image\/blur=250\/media\/melody\/2025\/07\/19\/menerbes-inhumation-enterrement-funerailles-de-thierry-ardisson-au-cimetiere-en-presence-de-son-epou-1752946683_c88b7a66cb786ec8b7a66cb78d09b7v_.jpg'\/%3E%3C\/svg%3E&quot;)\"   src=\"https:\/\/www.europesays.com\/fr\/wp-content\/uploads\/2025\/07\/menerbes-inhumation-enterrement-funerailles-de-thierry-ardisson-au-cimetiere-en-presence-de-son-epou.jpeg\"\/>L&rsquo;\u00c9lys\u00e9e avait notamment envoy\u00e9 des fleurs. \/ Photo La Provence<\/p>\n<p>Dans le village, certains savaient que le producteur et animateur star y poss\u00e9dait une maison. \u00ab\u00a0On l&rsquo;a vu passer devant la boutique il y a un mois \u00e0 peine, l\u00e2chent de concert deux commer\u00e7ants. Mais on ne savait pas qu&rsquo;il allait \u00eatre enterr\u00e9 ici.\u00a0\u00bb<\/p>\n<p>Un cimeti\u00e8re sous haute surveillance<\/p>\n<p>En fin de matin\u00e9e ce samedi, des hommes d&rsquo;une soci\u00e9t\u00e9 de pompes fun\u00e8bres viennent fermer les grilles du cimeti\u00e8re. \u00c0 l\u2019ext\u00e9rieur des murs d&rsquo;enceinte, des agents d&rsquo;une entreprise de s\u00e9curit\u00e9 priv\u00e9e sont d\u00e9ploy\u00e9s.<\/p>\n<p>Ils sont sous la responsabilit\u00e9 de l&rsquo;ancien garde du corps de Johnny Hallyday. Quadrillant la zone, une dizaine de gendarmes sont \u00e9galement en faction. \u00c0 l\u2019int\u00e9rieur, deux tentes noires sont mont\u00e9es autour de la s\u00e9pulture.<\/p>\n<p><img alt=\"Audrey Crespo-Mara, l'\u00e9pouse de Thierry Ardisson, et Sekou Mara, le fils de celle-ci.\" loading=\"lazy\" decoding=\"async\" data-nimg=\"fill\" class=\" TwicCore_img__i9TC1 undefined  undefined\" style=\"position:absolute;height:100%;width:100%;left:0;top:0;right:0;bottom:0;color:transparent;background-size:cover;background-position:50% 50%;background-repeat:no-repeat;background-image:url(&quot;data:image\/svg+xml;charset=utf-8,%3Csvg xmlns='http:\/\/www.w3.org\/2000\/svg' %3E%3Cfilter id='b' color-interpolation-filters='sRGB'%3E%3CfeGaussianBlur stdDeviation='20'\/%3E%3CfeColorMatrix values='1 0 0 0 0 0 1 0 0 0 0 0 1 0 0 0 0 0 100 -1' result='s'\/%3E%3CfeFlood x='0' y='0' width='100%25' height='100%25'\/%3E%3CfeComposite operator='out' in='s'\/%3E%3CfeComposite in2='SourceGraphic'\/%3E%3CfeGaussianBlur stdDeviation='20'\/%3E%3C\/filter%3E%3Cimage width='100%25' height='100%25' x='0' y='0' preserveAspectRatio='none' style='filter: url(%23b);' href='https:\/\/pictures.laprovence.com\/cdn-cgi\/image\/blur=250\/media\/melody\/2025\/07\/19\/menerbes-inhumation-enterrement-funerailles-de-thierry-ardisson-au-cimetiere-en-presence-de-son-epou-1752946683_41cbe0d5cb78655cbe0d5cb7809cbev_.jpg'\/%3E%3C\/svg%3E&quot;)\"   src=\"https:\/\/www.europesays.com\/fr\/wp-content\/uploads\/2025\/07\/1752973637_140_menerbes-inhumation-enterrement-funerailles-de-thierry-ardisson-au-cimetiere-en-presence-de-son-epou.jpeg\"\/>Audrey Crespo-Mara, l&rsquo;\u00e9pouse de Thierry Ardisson, et Sekou Mara, le fils de celle-ci. \/ Photo La Provence<\/p>\n<p>14h07\u00a0: le cercueil noir est sorti du corbillard, sous le regard d&rsquo;Audrey Crespo-Mara, son \u00e9pouse, et Sekou Mara, le fils de celle-ci. \u00c0 ce m\u00eame moment, le vent se l\u00e8ve et un coup de tonnerre vient d\u00e9chirer le chant des cigales.<\/p>\n","protected":false},"excerpt":{"rendered":"Loin de la foule compos\u00e9e de quelque 1\u00a0000 personnes venues rendre un dernier hommage \u00e0 Thierry Ardisson lors&hellip;\n","protected":false},"author":2,"featured_media":260016,"comment_status":"","ping_status":"","sticky":false,"template":"","format":"standard","meta":{"footnotes":""},"categories":[2],"tags":[17,11,17651,1446,1011,27,40002,6035,12,15086,25,104,974,5993],"class_list":{"0":"post-260015","1":"post","2":"type-post","3":"status-publish","4":"format-standard","5":"has-post-thumbnail","7":"category-actualites","8":"tag-17","9":"tag-actualites","10":"tag-ardisson","11":"tag-dans","12":"tag-fr","13":"tag-france","14":"tag-inhume","15":"tag-lanimateur","16":"tag-news","17":"tag-obseques","18":"tag-republique-francaise","19":"tag-societe","20":"tag-star","21":"tag-thierry"},"share_on_mastodon":{"url":"https:\/\/pubeurope.com\/@fr\/114882887340568371","error":""},"_links":{"self":[{"href":"https:\/\/www.europesays.com\/fr\/wp-json\/wp\/v2\/posts\/260015","targetHints":{"allow":["GET"]}}],"collection":[{"href":"https:\/\/www.europesays.com\/fr\/wp-json\/wp\/v2\/posts"}],"about":[{"href":"https:\/\/www.europesays.com\/fr\/wp-json\/wp\/v2\/types\/post"}],"author":[{"embeddable":true,"href":"https:\/\/www.europesays.com\/fr\/wp-json\/wp\/v2\/users\/2"}],"replies":[{"embeddable":true,"href":"https:\/\/www.europesays.com\/fr\/wp-json\/wp\/v2\/comments?post=260015"}],"version-history":[{"count":0,"href":"https:\/\/www.europesays.com\/fr\/wp-json\/wp\/v2\/posts\/260015\/revisions"}],"wp:featuredmedia":[{"embeddable":true,"href":"https:\/\/www.europesays.com\/fr\/wp-json\/wp\/v2\/media\/260016"}],"wp:attachment":[{"href":"https:\/\/www.europesays.com\/fr\/wp-json\/wp\/v2\/media?parent=260015"}],"wp:term":[{"taxonomy":"category","embeddable":true,"href":"https:\/\/www.europesays.com\/fr\/wp-json\/wp\/v2\/categories?post=260015"},{"taxonomy":"post_tag","embeddable":true,"href":"https:\/\/www.europesays.com\/fr\/wp-json\/wp\/v2\/tags?post=260015"}],"curies":[{"name":"wp","href":"https:\/\/api.w.org\/{rel}","templated":true}]}}