{"id":260025,"date":"2025-07-20T01:13:18","date_gmt":"2025-07-20T01:13:18","guid":{"rendered":"https:\/\/www.europesays.com\/fr\/260025\/"},"modified":"2025-07-20T01:13:18","modified_gmt":"2025-07-20T01:13:18","slug":"alban-le-bigot-sera-le-representant-des-coaches-au-comite-directeur-de-la-ffbb","status":"publish","type":"post","link":"https:\/\/www.europesays.com\/fr\/260025\/","title":{"rendered":"Alban Le Bigot sera le repr\u00e9sentant des coaches au Comit\u00e9 Directeur de la FFBB"},"content":{"rendered":"<p>L&rsquo;Assembl\u00e9e G\u00e9n\u00e9rale \u00c9lective aura lieu le samedi 14 d\u00e9cembre prochain \u00e0 Paris. En attendant cette date, le coll\u00e8ge des Entra\u00eeneurs a proc\u00e9d\u00e9 \u00e0 l\u2019\u00e9lection de son repr\u00e9sentant au Comit\u00e9 Directeur 2024-2028 de la FFBB ce samedi 30 novembre, apr\u00e8s un 1er tour le 23 novembre qui n\u2019avait pas permis d\u2019attribuer le poste puisqu\u2019aucun des 4 candidats en lice n\u2019avait atteint la majorit\u00e9 absolue.<\/p>\n<p>Lors de ce deuxi\u00e8me tour, parmi les 4 candidats toujours en lice, c\u2019est Alban Le Bigot qui a obtenu le plus grand nombre de voix et qui est donc \u00e9lu au poste de repr\u00e9sentant du coll\u00e8ge des entraineurs au Comit\u00e9 Directeur f\u00e9d\u00e9ral.<br \/>\u00a0<br \/>R\u00e9sultats du second tour<br \/>&#8211; Alban LE BIGOT : 39,13 % des voix &#8211; ELU<br \/>&#8211; Dominique ROUX : 37,68 %<br \/>&#8211; Alain WEISZ &#8211; 18,84 %<br \/>&#8211; Nicolas DORVAULT &#8211; 2,90 %<\/p>\n","protected":false},"excerpt":{"rendered":"L&rsquo;Assembl\u00e9e G\u00e9n\u00e9rale \u00c9lective aura lieu le samedi 14 d\u00e9cembre prochain \u00e0 Paris. En attendant cette date, le coll\u00e8ge&hellip;\n","protected":false},"author":2,"featured_media":260026,"comment_status":"","ping_status":"","sticky":false,"template":"","format":"standard","meta":{"footnotes":""},"categories":[1414],"tags":[1465,1464,1011,27,60],"class_list":{"0":"post-260025","1":"post","2":"type-post","3":"status-publish","4":"format-standard","5":"has-post-thumbnail","7":"category-basket","8":"tag-basket","9":"tag-basketball","10":"tag-fr","11":"tag-france","12":"tag-sports"},"share_on_mastodon":{"url":"https:\/\/pubeurope.com\/@fr\/114882910974046621","error":""},"_links":{"self":[{"href":"https:\/\/www.europesays.com\/fr\/wp-json\/wp\/v2\/posts\/260025","targetHints":{"allow":["GET"]}}],"collection":[{"href":"https:\/\/www.europesays.com\/fr\/wp-json\/wp\/v2\/posts"}],"about":[{"href":"https:\/\/www.europesays.com\/fr\/wp-json\/wp\/v2\/types\/post"}],"author":[{"embeddable":true,"href":"https:\/\/www.europesays.com\/fr\/wp-json\/wp\/v2\/users\/2"}],"replies":[{"embeddable":true,"href":"https:\/\/www.europesays.com\/fr\/wp-json\/wp\/v2\/comments?post=260025"}],"version-history":[{"count":0,"href":"https:\/\/www.europesays.com\/fr\/wp-json\/wp\/v2\/posts\/260025\/revisions"}],"wp:featuredmedia":[{"embeddable":true,"href":"https:\/\/www.europesays.com\/fr\/wp-json\/wp\/v2\/media\/260026"}],"wp:attachment":[{"href":"https:\/\/www.europesays.com\/fr\/wp-json\/wp\/v2\/media?parent=260025"}],"wp:term":[{"taxonomy":"category","embeddable":true,"href":"https:\/\/www.europesays.com\/fr\/wp-json\/wp\/v2\/categories?post=260025"},{"taxonomy":"post_tag","embeddable":true,"href":"https:\/\/www.europesays.com\/fr\/wp-json\/wp\/v2\/tags?post=260025"}],"curies":[{"name":"wp","href":"https:\/\/api.w.org\/{rel}","templated":true}]}}