{"id":260027,"date":"2025-07-20T01:14:11","date_gmt":"2025-07-20T01:14:11","guid":{"rendered":"https:\/\/www.europesays.com\/fr\/260027\/"},"modified":"2025-07-20T01:14:11","modified_gmt":"2025-07-20T01:14:11","slug":"motogp-brno-j2-pol-espargaro-ktm-q14-s9-impressionne-pour-son-retour-je-pensais-que-jaurais-plus-de-mal","status":"publish","type":"post","link":"https:\/\/www.europesays.com\/fr\/260027\/","title":{"rendered":"MotoGP, Brno J2, Pol Espargar\u00f3 (KTM\/Q14-S9) impressionne pour son retour : \u00ab\u00a0Je pensais que j&rsquo;aurais plus de mal\u00a0\u00bb"},"content":{"rendered":"<p><strong>Pol Espargar\u00f3 est entr\u00e9 dans les points en course sprint<br \/>\n\u00e0 Brno, un solide r\u00e9sultat pour son retour en Grand<br \/>\nPrix.<\/strong><\/p>\n<p><strong>Pol Espargar\u00f3<\/strong> effectue son grand retour en<br \/>\nGrand Prix ce week-end \u00e0 Brno, <a href=\"https:\/\/www.paddock-gp.com\/motogp-brno-officiel-pol-espargaro-remplacera-maverick-vinales-chez-tech3\/\" target=\"_blank\" rel=\"noopener nofollow\">en remplacement dans l\u2019\u00e9quipe Tech3<br \/>\nde Maverick Vi\u00f1ales, bless\u00e9<\/a>. Officiellement retrait\u00e9 depuis<br \/>\n2023, il \u00e9volue depuis en tant que pilote d\u2019essai pour KTM et a<br \/>\nd\u00e9j\u00e0 particip\u00e9 \u00e0 des Grands Prix en tant que wild-card pour le<br \/>\nconstructeur, le dernier en date \u00e9tant celui de Saint-Marin l\u2019an<br \/>\ndernier, o\u00f9 il avait d\u00e9croch\u00e9 un top 10.<\/p>\n<p>Mais depuis dix mois, l\u2019Espagnol a particip\u00e9 aux tests officiels<br \/>\npour KTM et a effectu\u00e9 des roulages priv\u00e9s, mais n\u2019a pas disput\u00e9 la<br \/>\nmoindre course. Difficile, donc, d\u2019envisager de le voir rouler aux<br \/>\navant-postes, et pourtant il a cr\u00e9\u00e9 la surprise en \u00e9tant bien loin<br \/>\nd\u2019\u00e9voluer dans le fond du classement. Si \u00e7a a \u00e9t\u00e9 le cas hier en<br \/>\nconditions mixtes et sous la pluie, en revanche ce matin il a<br \/>\nd\u00e9croch\u00e9 le cinqui\u00e8me temps des FP2.<\/p>\n<p>Qualifi\u00e9 au 14e rang, \u00e0 seulement trois dixi\u00e8mes du dernier<br \/>\npilote sauv\u00e9 pour la Q1, il a ensuite pris un tr\u00e8s bon d\u00e9part en<br \/>\ncourse sprint en gagnant quatre places d\u00e8s le premier tour. Il<br \/>\ns\u2019est ensuite maintenu en dixi\u00e8me position tout au long de la<br \/>\ncourse, avant de parvenir \u00e0 doubler Jorge Mart\u00edn pour prendre le<br \/>\npoint de la neuvi\u00e8me place. Si les KTM ont montr\u00e9 leur vitesse sur<br \/>\nle trac\u00e9 tch\u00e8que, avec deux pilotes sur le podium,<br \/>\n<strong>Espargar\u00f3<\/strong> n\u2019en a pas moins r\u00e9alis\u00e9 une solide<br \/>\nperformance, dont il est le premier \u00e9tonn\u00e9.<\/p>\n<p><img loading=\"lazy\" decoding=\"async\" class=\"aligncenter size-full wp-image-1312404\" src=\"https:\/\/www.europesays.com\/fr\/wp-content\/uploads\/2025\/07\/2025-MGP-Espargaro-CzechGP-064.jpg\" alt=\"Pol Espargaro Brno\" width=\"800\" height=\"533\"  \/><\/p>\n<p>\u00ab\u00a0Je pensais que j\u2019aurais plus de mal aujourd\u2019hui,<br \/>\nparce qu\u2019il y a beaucoup de choses que je ne fais plus en essais,<br \/>\ncomme le time attack, des courses et me battre avec les autres,<br \/>\nmais je pense qu\u2019on a fait du bon travail\u00a0\u00bb, a-t-il<br \/>\nd\u00e9clar\u00e9 lors de son debriefing.<\/p>\n<p>\u00ab\u00a0Bien s\u00fbr, c\u2019\u00e9tait difficile de doubler, mais on a<br \/>\npris un bon d\u00e9part, et je suis ensuite rest\u00e9 bloqu\u00e9 un moment<br \/>\nderri\u00e8re Jorge Mart\u00edn. Quoi qu\u2019il en soit, je suis tr\u00e8s heureux<br \/>\npour tous ceux impliqu\u00e9s chez KTM, avec Enea et Pedro sur le podium<br \/>\naujourd\u2019hui. Je pense qu\u2019on a beaucoup de potentiel pour<br \/>\ndemain.\u00a0\u00bb<\/p>\n<p><strong>R\u00e9sultats de la course sprint du Grand Prix de<br \/>\nR\u00e9publique Tch\u00e8que :<\/strong><\/p>\n<p><img loading=\"lazy\" decoding=\"async\" class=\"aligncenter size-full wp-image-1312167\" src=\"https:\/\/www.europesays.com\/fr\/wp-content\/uploads\/2025\/07\/sprint-1.jpg\" alt=\"\" width=\"800\" height=\"1038\"  \/><\/p>\n<p>Cr\u00e9dit classement : <a href=\"https:\/\/www.motogp.com\/fr\" rel=\"nofollow noopener\" target=\"_blank\">MotoGP.com<\/a><\/p>\n","protected":false},"excerpt":{"rendered":"Pol Espargar\u00f3 est entr\u00e9 dans les points en course sprint \u00e0 Brno, un solide r\u00e9sultat pour son retour&hellip;\n","protected":false},"author":2,"featured_media":260028,"comment_status":"","ping_status":"","sticky":false,"template":"","format":"standard","meta":{"footnotes":""},"categories":[1413],"tags":[1011,27,1457,1456,60],"class_list":{"0":"post-260027","1":"post","2":"type-post","3":"status-publish","4":"format-standard","5":"has-post-thumbnail","7":"category-moto","8":"tag-fr","9":"tag-france","10":"tag-moto","11":"tag-motocycle","12":"tag-sports"},"share_on_mastodon":{"url":"https:\/\/pubeurope.com\/@fr\/114882914795809748","error":""},"_links":{"self":[{"href":"https:\/\/www.europesays.com\/fr\/wp-json\/wp\/v2\/posts\/260027","targetHints":{"allow":["GET"]}}],"collection":[{"href":"https:\/\/www.europesays.com\/fr\/wp-json\/wp\/v2\/posts"}],"about":[{"href":"https:\/\/www.europesays.com\/fr\/wp-json\/wp\/v2\/types\/post"}],"author":[{"embeddable":true,"href":"https:\/\/www.europesays.com\/fr\/wp-json\/wp\/v2\/users\/2"}],"replies":[{"embeddable":true,"href":"https:\/\/www.europesays.com\/fr\/wp-json\/wp\/v2\/comments?post=260027"}],"version-history":[{"count":0,"href":"https:\/\/www.europesays.com\/fr\/wp-json\/wp\/v2\/posts\/260027\/revisions"}],"wp:featuredmedia":[{"embeddable":true,"href":"https:\/\/www.europesays.com\/fr\/wp-json\/wp\/v2\/media\/260028"}],"wp:attachment":[{"href":"https:\/\/www.europesays.com\/fr\/wp-json\/wp\/v2\/media?parent=260027"}],"wp:term":[{"taxonomy":"category","embeddable":true,"href":"https:\/\/www.europesays.com\/fr\/wp-json\/wp\/v2\/categories?post=260027"},{"taxonomy":"post_tag","embeddable":true,"href":"https:\/\/www.europesays.com\/fr\/wp-json\/wp\/v2\/tags?post=260027"}],"curies":[{"name":"wp","href":"https:\/\/api.w.org\/{rel}","templated":true}]}}