{"id":260031,"date":"2025-07-20T01:16:09","date_gmt":"2025-07-20T01:16:09","guid":{"rendered":"https:\/\/www.europesays.com\/fr\/260031\/"},"modified":"2025-07-20T01:16:09","modified_gmt":"2025-07-20T01:16:09","slug":"tdf-tour-de-france-richard-virenque-de-retour-sur-le-tour-merci-au-tour-de-france","status":"publish","type":"post","link":"https:\/\/www.europesays.com\/fr\/260031\/","title":{"rendered":"TDF. Tour de France &#8211; Richard Virenque de retour sur le Tour : \u00abMerci au Tour de France\u00bb"},"content":{"rendered":"<p><strong><a href=\"https:\/\/www.instagram.com\/richard_virenque\/?hl=fr\" target=\"_blank\" rel=\"nofollow noopener\">Richard Virenque<\/a><\/strong> est\u00a0de retour sur le<strong> <a href=\"https:\/\/www.cyclismactu.net\/..\/route\/tour-de-france\/\" target=\"_blank\" rel=\"nofollow noopener\">Tour de France<\/a> <\/strong>d\u00e8s ce lundi 21 juillet \u00e0 <strong>Montpellier<\/strong> et avant l&rsquo;\u00e9tape du<strong> Mont Ventoux<\/strong> ce mardi. Vous connaissez forc\u00e9ment les relations amicales entre\u00a0<strong>Cyclism&rsquo;Actu<\/strong>\u00a0et\u00a0<strong>Richard Virenque\u00a0<\/strong>qui a \u00e9t\u00e9 invit\u00e9 sur ce Tour par l&rsquo;organisation\u00a0<strong><a href=\"https:\/\/www.aso.fr\/fr\" target=\"_blank\" rel=\"nofollow noopener\">Amaury Sport Organisation<\/a><\/strong> et son directeur g\u00e9n\u00e9ral,\u00a0<strong>Yann Le Moenner<\/strong>.\u00a0N&rsquo;en d\u00e9plaise \u00e0 certains mais <strong>Virenque<\/strong>\u00a0est une figure incontournable de la\u00a0Grande Boucle.\u00a0<\/p>\n<p>Il est le recordman du nombre de maillots \u00e0 pois gagn\u00e9s, avec sept maillot \u00e0 pois. Toujours aussi passionn\u00e9, l\u2019ancien grimpeur \u00e9voque avec \u00e9motion sa victoire l\u00e9gendaire au Mont Ventoux en 2002 \u2013 l\u2019ann\u00e9e de son retour apr\u00e8s l\u2019affaire <strong>Festina <\/strong>\u2013 et revient sur ce col mythique qui a tant compt\u00e9 dans sa carri\u00e8re, alors que les coureurs l&#8217;empruntent ce mardi. Le maillot de meilleur grimpeur f\u00eate \u00e9galement ses 50 ans cette ann\u00e9e.\u00a0<strong>Virenque<\/strong> en souligne la valeur symbolique, entre combativit\u00e9, panache et amour de la montagne. Entretien empreint de souvenirs et de franc-parler !<\/p>\n<p>\u00a0<\/p>\n<p>\u00ab\u00a0Gagner au Mont Ventoux cette ann\u00e9e-l\u00e0&#8230;\u00a0\u00bb<\/p>\n<p><strong>Bonjour Richard, merci de nous accorder cette petite interview en plein Tour de France. Cela fait un petit moment qu&rsquo;on ne vous a pas vu, alors pour commencer, comment allez-vous ?<\/strong><\/p>\n<p>\u00c7a va plut\u00f4t bien. Quand on est au mois de juillet, que le Tour a d\u00e9marr\u00e9, que les cigales chantent en Provence et que le soleil est radieux\u2026 que demander de plus ? C\u2019est magnifique.<\/p>\n<p>\u00a0<\/p>\n<p><strong>Serez-vous pr\u00e9sent sur cette 112e \u00e9dition du Tour de France ?<\/strong><br \/>Oui, je suis convi\u00e9 pour l\u2019\u00e9tape entre Montpellier et le Mont Ventoux. J\u2019ai h\u00e2te d\u2019y \u00eatre.<\/p>\n<p>\u00a0<\/p>\n<p><strong>Ce sera une belle \u00e9tape, un final spectaculaire entre les favoris\u2026 Et le Ventoux, le Mont Chauve, reste un lieu mythique du Tour. Il doit vous rappeler de bons souvenirs, notamment en 2002, il y a 23 ans\u2026<\/strong><\/p>\n<p>Oui, clairement. Gagner au Ventoux cette ann\u00e9e-l\u00e0, apr\u00e8s mon retour suite \u00e0 l\u2019affaire Festina, c\u2019\u00e9tait tr\u00e8s fort. J\u2019\u00e9tais d\u00e9j\u00e0 heureux de revenir sur le Tour, mais m\u2019imposer devant un certain Lance Armstrong tr\u00e8s offensif, c\u2019\u00e9tait \u00e9norme. Tr\u00e8s fatiguant aussi : j\u2019avais fait une \u00e9chapp\u00e9e de plus de 200 km.\u00a0\u00c7a reste un tr\u00e8s bon souvenir. Le Ventoux, je l\u2019ai gagn\u00e9 plusieurs fois, deux fois dans le Dauphin\u00e9, et une fois sur le Tour. \u00c7a remonte, mais \u00e7a reste marqu\u00e9.<\/p>\n<p>\u00a0<\/p>\n<p><strong>Qu\u2019est-ce qui rend ce col si sp\u00e9cial selon vous ?<\/strong><\/p>\n<p>Sa difficult\u00e9. C\u2019est 18 km d\u2019ascension, c\u2019est long, c\u2019est dur. Ce qui est particulier, c\u2019est qu\u2019on le voit de loin, et \u00e7a cr\u00e9e du stress. Il y a souvent du vent, surtout \u00e0 l\u2019approche, donc il faut \u00eatre tr\u00e8s vigilant.\u00a0Apr\u00e8s B\u00e9doin, on entre dans la for\u00eat, avec des pourcentages moyens autour de 10\u201312 %, et une chaleur souvent \u00e9touffante : 32, 34 degr\u00e9s sur plusieurs kilom\u00e8tres. Plus on monte, plus il fait chaud, plus c\u2019est dur. On d\u00e9passe les 1500 m d\u2019altitude, donc l\u00e0 aussi, \u00e7a joue. Et souvent, il y a un vent d\u00e9favorable au sommet\u2026 c\u2019est un col tr\u00e8s complet.<\/p>\n<p>\u00a0<\/p>\n<p><strong>Est-ce, selon vous, le col le plus difficile de France ?<\/strong><\/p>\n<p>Non, pas forc\u00e9ment. Il y a des cols plus longs ou plus hauts, comme la Bonette-Restefond. Mais pour ceux qui ne connaissent pas, on peut dire que le Ventoux, c\u2019est un peu comme deux fois l\u2019Alpe d\u2019Huez d\u2019un coup. \u00c7a donne une id\u00e9e du d\u00e9fi.<\/p>\n<p>\u00a0<\/p>\n<blockquote class=\"twitter-tweet\" style=\"width:100%!important;max-width:550px!important;min-width:250px;height:500px;\"><p>&#13;<\/p>\n<p dir=\"ltr\" lang=\"fr\">Tour de France &#8211; \u00ab\u00a050 ans de Maillot \u00e0 pois\u00a0\u00bb le livre de Serge Laget avec Virenque <a href=\"https:\/\/twitter.com\/hashtag\/Laget?src=hash&amp;ref_src=twsrc%5Etfw\" rel=\"nofollow noopener\" target=\"_blank\">#Laget<\/a> <a href=\"https:\/\/twitter.com\/hashtag\/Lequipe?src=hash&amp;ref_src=twsrc%5Etfw\" rel=\"nofollow noopener\" target=\"_blank\">#Lequipe<\/a> <a href=\"https:\/\/twitter.com\/hashtag\/TDF2025?src=hash&amp;ref_src=twsrc%5Etfw\" rel=\"nofollow noopener\" target=\"_blank\">#TDF2025<\/a> <a href=\"https:\/\/twitter.com\/hashtag\/Virenque?src=hash&amp;ref_src=twsrc%5Etfw\" rel=\"nofollow noopener\" target=\"_blank\">#Virenque<\/a> <a href=\"https:\/\/twitter.com\/hashtag\/Hautacam?src=hash&amp;ref_src=twsrc%5Etfw\" rel=\"nofollow noopener\" target=\"_blank\">#Hautacam<\/a> <a href=\"https:\/\/twitter.com\/hashtag\/Book?src=hash&amp;ref_src=twsrc%5Etfw\" rel=\"nofollow noopener\" target=\"_blank\">#Book<\/a> <a href=\"https:\/\/t.co\/hgK68UIIg6\" rel=\"nofollow\">https:\/\/t.co\/hgK68UIIg6<\/a><\/p>\n<p>&#13;<br \/>\n\u2014 Cyclism&rsquo;Actu (@cyclismactu) <a href=\"https:\/\/twitter.com\/cyclismactu\/status\/1946578845714268616?ref_src=twsrc%5Etfw\" rel=\"nofollow noopener\" target=\"_blank\">July 19, 2025<\/a><\/p><\/blockquote>\n<p>\u00a0<\/p>\n<p>\u00ab\u00a0Le maillot \u00e0 pois incarnait ma fa\u00e7on de courir\u00a0\u00bb<\/p>\n<p><strong>Cette ann\u00e9e, on f\u00eate aussi les 50 ans du maillot \u00e0 pois. Qu\u2019est-ce que ce maillot repr\u00e9sente pour vous ?<\/strong><\/p>\n<p>Franchement, c\u2019est un maillot qui r\u00e9compense le coureur offensif. Celui qui est dans l\u2019action, un peu comme le prix de la combativit\u00e9, mais en montagne. Pour le ramener \u00e0 Paris, il faut \u00eatre pr\u00e9sent \u00e0 l\u2019avant tout au long du Tour, dans toutes les \u00e9tapes de montagne. Ce n\u2019est pas une question d\u2019\u00eatre devant une fois ou deux : il faut \u00eatre l\u00e0 d\u00e8s que la route s\u2019\u00e9l\u00e8ve. Il faut \u00eatre un bon grimpeur, un bon r\u00e9cup\u00e9rateur, avoir de la pers\u00e9v\u00e9rance. C\u2019est un maillot qui incarnait ma fa\u00e7on de courir.\u00a0D\u00e8s 1992, quand j\u2019ai termin\u00e9 2e derri\u00e8re Claudio Chiappucci, j\u2019ai compris que ce maillot me correspondait. Et avec le temps, il a contribu\u00e9 \u00e0 ma popularit\u00e9.<\/p>\n<p>\u00a0<\/p>\n<p><strong>Vous l\u2019avez remport\u00e9 sept fois, c\u2019est un record. C\u2019est une statistique qui vous tient \u00e0 c\u0153ur ?<\/strong><\/p>\n<p>Oui, forc\u00e9ment. Dans mes derni\u00e8res ann\u00e9es de carri\u00e8re, je m\u2019\u00e9tais dit : \u00ab\u00a0Ce serait bien de l\u2019atteindre sept fois\u00a0\u00bb. Bon, il y a deux Tours o\u00f9 je suis rest\u00e9 sur le banc, on va dire. \u00c0 mon meilleur niveau physique, j\u2019aurais peut-\u00eatre pu faire plus. Mais sept, c\u2019est d\u00e9j\u00e0 pas mal.<\/p>\n<p>\u00a0<\/p>\n<p><strong>Des regrets de ne pas \u00eatre mont\u00e9 \u00e0 huit ou neuf ?<\/strong><\/p>\n<p>Non, pas vraiment. Mais c\u2019est vrai que quand votre carri\u00e8re dure une dizaine d\u2019ann\u00e9es, et qu\u2019on vous met de c\u00f4t\u00e9 pour des raisons extra-sportives, c\u2019est dur \u00e0 encaisser.<\/p>\n<p>\u00a0<\/p>\n<p><strong>Parmi vos sept maillots \u00e0 pois, y en a-t-il un qui vous a particuli\u00e8rement marqu\u00e9 ?<\/strong><\/p>\n<p>Le premier, en 1992, \u00e9videmment. J\u2019\u00e9tais jeune, 21 ans, je d\u00e9couvrais le Tour. \u00c7a m\u2019a transform\u00e9. Ensuite, j\u2019ai eu la chance d\u2019\u00eatre toujours \u00e0 l\u2019action sur mes 13 participations : pour le g\u00e9n\u00e9ral, pour le maillot, pour des victoires d\u2019\u00e9tape.\u00a0Et j\u2019avais une \u00e9quipe qui m\u2019aidait. Je pense \u00e0 Pascal Herv\u00e9, Laurent Brochard, des gars qui allaient chercher les points pour moi en attendant la derni\u00e8re semaine, o\u00f9 je finissais le boulot. \u00c0 un moment, on court presque \u00e0 l\u2019\u00e9conomie, car on vise le Graal. Quand vous en avez d\u00e9j\u00e0 cinq ou six, vous vous dites : \u00ab\u00a0Pourquoi pas un de plus ?\u00a0\u00bb<\/p>\n<p>\u00a0<\/p>\n<blockquote class=\"twitter-tweet\" style=\"width:100%!important;max-width:550px!important;min-width:250px;height:500px;\"><p>&#13;<\/p>\n<p dir=\"ltr\" lang=\"fr\">? <a href=\"https:\/\/twitter.com\/hashtag\/Stade2?src=hash&amp;ref_src=twsrc%5Etfw\" rel=\"nofollow noopener\" target=\"_blank\">#Stade2<\/a> | Richard Virenque, les pois de l\u2019histoire<\/p>\n<p>Il est une ic\u00f4ne du Tour de France ! Le maillot \u00e0 pois f\u00eate ses 50 ans cette ann\u00e9e. Le Fran\u00e7ais, qui l\u2019a remport\u00e9 7 fois, se replonge dans ses souvenirs.<\/p>\n<p>\u25b6\ufe0f L&rsquo;\u00e9mission en replay : <a href=\"https:\/\/t.co\/EQE7DXyL7y\" rel=\"nofollow\">https:\/\/t.co\/EQE7DXyL7y<\/a> <a href=\"https:\/\/t.co\/Na4ApPdBaJ\" rel=\"nofollow\">pic.twitter.com\/Na4ApPdBaJ<\/a><\/p>\n<p>&#13;<br \/>\n\u2014 francetvsport (@francetvsport) <a href=\"https:\/\/twitter.com\/francetvsport\/status\/1944492816261955900?ref_src=twsrc%5Etfw\" rel=\"nofollow noopener\" target=\"_blank\">July 13, 2025<\/a><\/p><\/blockquote>\n<p>\u00a0<\/p>\n<p>\u00ab\u00a0Le maillot \u00e0 pois n&rsquo;est pas d\u00e9valu\u00e9\u00a0\u00bb<\/p>\n<p><strong>Est-ce que vous diriez qu\u2019il y a une mentalit\u00e9 particuli\u00e8re chez les porteurs du maillot \u00e0 pois ? Une certaine image de l\u2019attaquant, du grimpeur, souvent tr\u00e8s appr\u00e9ci\u00e9 du public ?<\/strong><\/p>\n<p>Oui, compl\u00e8tement. Chaque ann\u00e9e, le coureur qui gagne ce maillot est celui qui a \u00e9t\u00e9 constamment \u00e0 l\u2019avant. C\u2019est le \u00ab\u00a0maillot jaune de la montagne\u00a0\u00bb, mais aussi celui de l\u2019attaquant.\u00a0Regardez Pogacar : il l\u2019a gagn\u00e9 car il attaque, m\u00eame quand il n\u2019en a pas besoin. Le maillot \u00e0 pois r\u00e9compense l\u2019audace, l\u2019engagement. Celui qui passe juillet \u00e0 l\u2019avant.<\/p>\n<p>\u00a0<\/p>\n<p><strong>Certains disent pourtant que le maillot \u00e0 pois a perdu de sa valeur ces derni\u00e8res ann\u00e9es. Moins d\u2019engouement, ou parfois remport\u00e9 par d\u00e9faut par des favoris du g\u00e9n\u00e9ral\u2026 Qu\u2019en pensez-vous ?<\/strong><\/p>\n<p>Je ne suis pas d\u2019accord. Ce n\u2019est pas qu\u2019il est d\u00e9valu\u00e9. Ce qui est dur, c\u2019est la r\u00e9gularit\u00e9. Gagner une fois, deux fois, c\u2019est bien. Mais le r\u00e9p\u00e9ter, l\u00e0, c\u2019est autre chose. C\u2019est \u00e7a qui fait un palmar\u00e8s. Et il y a eu des Fran\u00e7ais qui l\u2019ont fait briller : Julian Alaphilippe, Romain Bardet, Warren Barguil. Apr\u00e8s, c\u2019est vrai, il faut r\u00e9ussir \u00e0 transformer l\u2019essai sur plusieurs ann\u00e9es.<\/p>\n<p>\u00a0<\/p>\n<p><strong>Le petit pronostic de Richard Virenque, qui portera le maillot \u00e0 pois \u00e0 Paris en 2025 ?<\/strong><\/p>\n<p>Je dirais Vingegaard. Je pense qu\u2019il va poser des probl\u00e8mes \u00e0 Pogacar. Peut-\u00eatre qu\u2019il ne gagnera pas le Tour, mais il pourrait avoir ce maillot comme r\u00e9compense. Et je pense que \u00e7a lui ferait du bien, lui qui est assez introverti, discret\u2026 Ce maillot pourrait l\u2019aider au niveau de son image.<\/p>\n<p><script async src=\"https:\/\/platform.twitter.com\/widgets.js\" charset=\"utf-8\"><\/script><script async src=\"\/\/www.instagram.com\/embed.js\"><\/script><\/p>\n","protected":false},"excerpt":{"rendered":"Richard Virenque est\u00a0de retour sur le Tour de France d\u00e8s ce lundi 21 juillet \u00e0 Montpellier et avant&hellip;\n","protected":false},"author":2,"featured_media":260032,"comment_status":"","ping_status":"","sticky":false,"template":"","format":"standard","meta":{"footnotes":""},"categories":[1411],"tags":[1154,207,211,1011,27,209,60,210,212,208,213],"class_list":{"0":"post-260031","1":"post","2":"type-post","3":"status-publish","4":"format-standard","5":"has-post-thumbnail","7":"category-cyclisme","8":"tag-cycling","9":"tag-cyclisme","10":"tag-ffc","11":"tag-fr","12":"tag-france","13":"tag-route","14":"tag-sports","15":"tag-tour-de-france","16":"tag-uci","17":"tag-velo","18":"tag-world-tour"},"share_on_mastodon":{"url":"https:\/\/pubeurope.com\/@fr\/114882922683927383","error":""},"_links":{"self":[{"href":"https:\/\/www.europesays.com\/fr\/wp-json\/wp\/v2\/posts\/260031","targetHints":{"allow":["GET"]}}],"collection":[{"href":"https:\/\/www.europesays.com\/fr\/wp-json\/wp\/v2\/posts"}],"about":[{"href":"https:\/\/www.europesays.com\/fr\/wp-json\/wp\/v2\/types\/post"}],"author":[{"embeddable":true,"href":"https:\/\/www.europesays.com\/fr\/wp-json\/wp\/v2\/users\/2"}],"replies":[{"embeddable":true,"href":"https:\/\/www.europesays.com\/fr\/wp-json\/wp\/v2\/comments?post=260031"}],"version-history":[{"count":0,"href":"https:\/\/www.europesays.com\/fr\/wp-json\/wp\/v2\/posts\/260031\/revisions"}],"wp:featuredmedia":[{"embeddable":true,"href":"https:\/\/www.europesays.com\/fr\/wp-json\/wp\/v2\/media\/260032"}],"wp:attachment":[{"href":"https:\/\/www.europesays.com\/fr\/wp-json\/wp\/v2\/media?parent=260031"}],"wp:term":[{"taxonomy":"category","embeddable":true,"href":"https:\/\/www.europesays.com\/fr\/wp-json\/wp\/v2\/categories?post=260031"},{"taxonomy":"post_tag","embeddable":true,"href":"https:\/\/www.europesays.com\/fr\/wp-json\/wp\/v2\/tags?post=260031"}],"curies":[{"name":"wp","href":"https:\/\/api.w.org\/{rel}","templated":true}]}}