{"id":260037,"date":"2025-07-20T01:20:16","date_gmt":"2025-07-20T01:20:16","guid":{"rendered":"https:\/\/www.europesays.com\/fr\/260037\/"},"modified":"2025-07-20T01:20:16","modified_gmt":"2025-07-20T01:20:16","slug":"quand-la-passion-des-mots-devient-roman","status":"publish","type":"post","link":"https:\/\/www.europesays.com\/fr\/260037\/","title":{"rendered":"quand la passion des mots devient roman"},"content":{"rendered":"<p>\u00c0 43 ans, Camille Suard-Maincent franchit une \u00e9tape importante avec la publication de son premier roman. Cette passionn\u00e9e de litt\u00e9rature, professeur de fran\u00e7ais au lyc\u00e9e Saint-Joseph de Dijon, parle de ce livre comme de son b\u00e9b\u00e9.<\/p>\n<p>Originaire des Flandres, bourguignonne d\u2019adoption depuis vingt ans, Camille \u00e9crit en r\u00e9alit\u00e9 depuis tr\u00e8s longtemps. Son parcours litt\u00e9raire a commenc\u00e9 par la r\u00e9daction de nouvelles,&#8230;<\/p>\n","protected":false},"excerpt":{"rendered":"\u00c0 43 ans, Camille Suard-Maincent franchit une \u00e9tape importante avec la publication de son premier roman. Cette passionn\u00e9e&hellip;\n","protected":false},"author":2,"featured_media":260038,"comment_status":"","ping_status":"","sticky":false,"template":"","format":"standard","meta":{"footnotes":""},"categories":[1357],"tags":[1379,1687,58,2664,59,107,1011,27,2662,2663,1380,2410],"class_list":{"0":"post-260037","1":"post","2":"type-post","3":"status-publish","4":"format-standard","5":"has-post-thumbnail","7":"category-livres","8":"tag-books","9":"tag-culture-loisirs","10":"tag-divertissement","11":"tag-edition-region-dijonnaise","12":"tag-entertainment","13":"tag-fil-info","14":"tag-fr","15":"tag-france","16":"tag-is-sur-tille","17":"tag-is-sur-tille-bassin","18":"tag-livres","19":"tag-livres-bd"},"share_on_mastodon":{"url":"https:\/\/pubeurope.com\/@fr\/114882938383697110","error":""},"_links":{"self":[{"href":"https:\/\/www.europesays.com\/fr\/wp-json\/wp\/v2\/posts\/260037","targetHints":{"allow":["GET"]}}],"collection":[{"href":"https:\/\/www.europesays.com\/fr\/wp-json\/wp\/v2\/posts"}],"about":[{"href":"https:\/\/www.europesays.com\/fr\/wp-json\/wp\/v2\/types\/post"}],"author":[{"embeddable":true,"href":"https:\/\/www.europesays.com\/fr\/wp-json\/wp\/v2\/users\/2"}],"replies":[{"embeddable":true,"href":"https:\/\/www.europesays.com\/fr\/wp-json\/wp\/v2\/comments?post=260037"}],"version-history":[{"count":0,"href":"https:\/\/www.europesays.com\/fr\/wp-json\/wp\/v2\/posts\/260037\/revisions"}],"wp:featuredmedia":[{"embeddable":true,"href":"https:\/\/www.europesays.com\/fr\/wp-json\/wp\/v2\/media\/260038"}],"wp:attachment":[{"href":"https:\/\/www.europesays.com\/fr\/wp-json\/wp\/v2\/media?parent=260037"}],"wp:term":[{"taxonomy":"category","embeddable":true,"href":"https:\/\/www.europesays.com\/fr\/wp-json\/wp\/v2\/categories?post=260037"},{"taxonomy":"post_tag","embeddable":true,"href":"https:\/\/www.europesays.com\/fr\/wp-json\/wp\/v2\/tags?post=260037"}],"curies":[{"name":"wp","href":"https:\/\/api.w.org\/{rel}","templated":true}]}}