{"id":260055,"date":"2025-07-20T01:30:12","date_gmt":"2025-07-20T01:30:12","guid":{"rendered":"https:\/\/www.europesays.com\/fr\/260055\/"},"modified":"2025-07-20T01:30:12","modified_gmt":"2025-07-20T01:30:12","slug":"pour-pierre-moscovici-les-engagements-de-najat-vallaud-belkacem-ne-sont-pas-incompatibles-avec-son-poste","status":"publish","type":"post","link":"https:\/\/www.europesays.com\/fr\/260055\/","title":{"rendered":"pour Pierre Moscovici, les engagements de Najat Vallaud-Belkacem ne sont \u00abpas incompatibles\u00bb avec son poste"},"content":{"rendered":"<p>Le pr\u00e9sident de l\u2019institution a de nouveau d\u00e9fendu la nomination pol\u00e9mique de l\u2019ancienne ministre socialiste annonc\u00e9e cette semaine, d\u00e9non\u00e7ant \u00abun esprit complotiste\u00bb.<\/p>\n<p class=\"fig-paragraph\">\u00abLa Cour des comptes n\u2019a jamais interdit \u00e0 quiconque de faire de la politique\u00bb. Pierre Moscovici a de nouveau d\u00e9fendu la nomination pol\u00e9mique de Najat Vallaud-Belkacem en tant que conseiller ma\u00eetre au sein de l\u2019institution.<\/p>\n<p class=\"fig-paragraph\">Dans une interview\u00a0<a href=\"https:\/\/www.leparisien.fr\/politique\/pierre-moscovici-la-france-a-le-choix-entre-un-effort-volontaire-maintenant-et-lausterite-subie-demain-19-07-2025-ANTV5DMQD5BR7GP3HXQSIMFYWM.php\" target=\"_blank\" rel=\"sponsored noopener nofollow\" data-gtm-custom-categorie=\"navigation\" data-gtm-custom-action=\"crossclick\" data-gtm-custom-label=\"Contextuel\" data-gtm-event=\"customEventSPE\">donn\u00e9 au Parisien<\/a>, si le pr\u00e9sident de la Cour des comptes a rappel\u00e9 la n\u00e9cessit\u00e9 d\u2019un devoir de r\u00e9serve, il a cependant assur\u00e9 que les engagements de l\u2019ex-ministre socialiste de l\u2019\u00c9ducation nationale, en tant que pr\u00e9sidente b\u00e9n\u00e9vole de France Terre d\u2019Asile et en tant qu\u2019\u00e9lue, conseill\u00e8re r\u00e9gionale, n\u2019\u00e9taient \u00abpas incompatibles\u00bb avec sa nomination.<\/p>\n<p>                                    <a class=\"fig-a11y-skip a11y-hidden\" href=\"#fig-a11y-skip-main-inarticle\"><br \/>\n        Passer la publicit\u00e9<br \/>\n    <\/a><\/p>\n<p class=\"fig-paragraph\">\u00abMais ils ne doivent pas lui prendre trop de temps\u00bb, a-t-il aussi dit, ajoutant que Najat Vallaud-Belkacem \u00abdevra garder de la mesure dans son expression, conform\u00e9ment \u00e0 nos r\u00e8gles d\u00e9ontologiques\u00bb.<\/p>\n<p class=\"fig-paragraph\">Jeudi, au lendemain de l\u2019annonce, Pierre Moscovici avait jug\u00e9 \u00abparfaitement objective, parfaitement collective\u00bb la proc\u00e9dure d\u2019arriv\u00e9e de Najat Vallaud-Belkacem \u00e0 la Cour des comptes, se disant \u00abchoqu\u00e9\u00bb par les attaques dont a fait l\u2019objet l\u2019ancienne ministre, notamment au sein de Rassemblement national (RN). \u00abElle est arriv\u00e9e par une proc\u00e9dure de recrutement professionnel parfaitement objective, parfaitement collective et sans que je sois intervenu en quoi que ce soit\u00bb, affirmait Pierre Moscovici, interrog\u00e9 sur France Info.<\/p>\n<p>\u00abEsprit complotiste\u00bb<\/p>\n<p class=\"fig-paragraph\">Quelques jours avant l\u2019officialisation, le Canard encha\u00een\u00e9 a affirm\u00e9 dans un article que le premier ministre Fran\u00e7ois Bayrou envisageait d\u2019appuyer un pr\u00e9tendu souhait de Pierre Moscovici de nommer Najat Vallaud-Belkacem, en \u00e9change de l\u2019assurance que le pr\u00e9sident du groupe socialiste \u00e0 l\u2019Assembl\u00e9e nationale et mari de l\u2019ancienne ministre, Boris Vallaud, abandonne l\u2019id\u00e9e d\u2019une censure du gouvernement du Budget \u00e0 l\u2019automne.<\/p>\n<p class=\"fig-body-link\">\n            \u00c0 lire aussi<br \/>\n        <a class=\"fig-body-link__link fig-premium-mark\" href=\"http:\/\/www.lefigaro.fr\/actualite-france\/la-cour-des-comptes-cimetiere-des-elephants-socialistes-ou-pierre-moscovici-fait-regner-la-loi-de-la-jungle-20250718\" data-fig-type=\"Article\" data-gtm-custom-categorie=\"navigation\" data-gtm-custom-action=\"crossclick\" data-gtm-custom-label=\"Contextuel\" data-gtm-event=\"customEventSPE\" data-fig-domain=\"LEFIGARO\" rel=\"nofollow noopener\" target=\"_blank\">La Cour des comptes, cimeti\u00e8re des \u00e9l\u00e9phants socialistes o\u00f9 Pierre Moscovici fait r\u00e9gner la loi de la jungle<br \/>\n    <\/a>\n<\/p>\n<p class=\"fig-paragraph\">\u00abQuelle blague\u00a0!\u00bb, avait r\u00e9agi Najat Vallaud-Belkacem dans un message post\u00e9 sur X, pr\u00e9cisant qu\u2019elle avait utilis\u00e9 la voie d\u2019un concours. Le d\u00e9put\u00e9 du Rassemblement national Jean-Philippe Tanguy a menac\u00e9 mercredi d\u2019attaquer cette nomination au Conseil d\u2019\u00c9tat, critiquant \u00abla R\u00e9publique des copines et des coquins\u00bb.<\/p>\n<p class=\"fig-paragraph\">\u00abNajat Vallaud Belkacem, qui \u00e9tait d\u00e9j\u00e0 candidate l\u2019ann\u00e9e derni\u00e8re, a quant \u00e0 elle suivi une proc\u00e9dure de recrutement tr\u00e8s exigeante et s\u00e9lective,\u00a0<a href=\"https:\/\/www.leparisien.fr\/politique\/lex-ministre-socialiste-najat-vallaud-belkacem-nommee-a-la-cour-des-comptes-sur-proposition-de-francois-bayrou-17-07-2025-GIRFPVFAGRCRLFQ7N2MQQYRQRM.php\" target=\"_blank\" rel=\"sponsored noopener nofollow\" data-gtm-custom-categorie=\"navigation\" data-gtm-custom-action=\"crossclick\" data-gtm-custom-label=\"Contextuel\" data-gtm-event=\"customEventSPE\">et elle l\u2019a r\u00e9ussie\u00bb<\/a>, a encore d\u00e9fendu Pierre Moscovici dans les colonnes du Parisien, pr\u00e9cisant que 150 candidats s\u2019\u00e9taient pr\u00e9sent\u00e9s pour les 5 postes \u00e0 pourvoir. \u00abJ\u2019aimerais que, dans ce pays o\u00f9 soufflent parfois un esprit complotiste, des soup\u00e7ons permanents, de la jalousie, du ressentiment, on soit capable de revenir \u00e0 quelques principes r\u00e9publicains assez simples. Dans la fonction publique, il y a le principe du concours, l\u2019ind\u00e9pendance des jurys et l\u2019\u00e9thique de ses membres. Tout cela doit \u00eatre respect\u00e9\u00bb, a-t-il ajout\u00e9.<\/p>\n","protected":false},"excerpt":{"rendered":"Le pr\u00e9sident de l\u2019institution a de nouveau d\u00e9fendu la nomination pol\u00e9mique de l\u2019ancienne ministre socialiste annonc\u00e9e cette semaine,&hellip;\n","protected":false},"author":2,"featured_media":260056,"comment_status":"","ping_status":"","sticky":false,"template":"","format":"standard","meta":{"footnotes":""},"categories":[4],"tags":[11,15721,1011,27,32318,12,25848,25],"class_list":{"0":"post-260055","1":"post","2":"type-post","3":"status-publish","4":"format-standard","5":"has-post-thumbnail","7":"category-france","8":"tag-actualites","9":"tag-cour-des-comptes","10":"tag-fr","11":"tag-france","12":"tag-najat-vallaud-belkacem","13":"tag-news","14":"tag-pierre-moscovici","15":"tag-republique-francaise"},"share_on_mastodon":{"url":"https:\/\/pubeurope.com\/@fr\/114882977831733248","error":""},"_links":{"self":[{"href":"https:\/\/www.europesays.com\/fr\/wp-json\/wp\/v2\/posts\/260055","targetHints":{"allow":["GET"]}}],"collection":[{"href":"https:\/\/www.europesays.com\/fr\/wp-json\/wp\/v2\/posts"}],"about":[{"href":"https:\/\/www.europesays.com\/fr\/wp-json\/wp\/v2\/types\/post"}],"author":[{"embeddable":true,"href":"https:\/\/www.europesays.com\/fr\/wp-json\/wp\/v2\/users\/2"}],"replies":[{"embeddable":true,"href":"https:\/\/www.europesays.com\/fr\/wp-json\/wp\/v2\/comments?post=260055"}],"version-history":[{"count":0,"href":"https:\/\/www.europesays.com\/fr\/wp-json\/wp\/v2\/posts\/260055\/revisions"}],"wp:featuredmedia":[{"embeddable":true,"href":"https:\/\/www.europesays.com\/fr\/wp-json\/wp\/v2\/media\/260056"}],"wp:attachment":[{"href":"https:\/\/www.europesays.com\/fr\/wp-json\/wp\/v2\/media?parent=260055"}],"wp:term":[{"taxonomy":"category","embeddable":true,"href":"https:\/\/www.europesays.com\/fr\/wp-json\/wp\/v2\/categories?post=260055"},{"taxonomy":"post_tag","embeddable":true,"href":"https:\/\/www.europesays.com\/fr\/wp-json\/wp\/v2\/tags?post=260055"}],"curies":[{"name":"wp","href":"https:\/\/api.w.org\/{rel}","templated":true}]}}