{"id":260059,"date":"2025-07-20T01:33:28","date_gmt":"2025-07-20T01:33:28","guid":{"rendered":"https:\/\/www.europesays.com\/fr\/260059\/"},"modified":"2025-07-20T01:33:28","modified_gmt":"2025-07-20T01:33:28","slug":"amicaux-rodez-domine-montpellier-laval-renverse-concarneau-lasse-et-annecy-battus-par-des-clubs-suisses","status":"publish","type":"post","link":"https:\/\/www.europesays.com\/fr\/260059\/","title":{"rendered":"Amicaux &#8211; Rodez domine Montpellier, Laval renverse Concarneau, l&rsquo;ASSE et Annecy battus par des clubs suisses"},"content":{"rendered":"<p>Six clubs de Ligue 2 disputaient des matchs amicaux vendredi en fin de journ\u00e9e, avec m\u00eame une confrontation directe entre <strong>Montpellier<\/strong> et <strong>Rodez<\/strong>\u2026 dont les Aveyronnais sont sortis vainqueurs.<\/p>\n<p><strong>Laval<\/strong> s\u2019impose logiquement face \u00e0 Concarneau (3-2), apr\u00e8s avoir \u00e9t\u00e9 men\u00e9 0-2. Les autres formations sur le pont n\u2019ont pu que s\u2019incliner contre des \u00e9quipes de premi\u00e8re division \u00e9trang\u00e8re : <strong>Annecy<\/strong> perd largement face \u00e0 Sion (0-3), <strong>Pau<\/strong> est battu par la Real Sociedad (0-2). Enfin, l\u2019AS <strong>Saint<\/strong>\u2013<strong>\u00c9tienne<\/strong> paie un quart d\u2019heure de passage \u00e0 vide contre le Servette Gen\u00e8ve (2-3) en encaissant trois buts entre la 67e et la 82e minute.<\/p>\n<p>\u00c0 lire aussi &gt;&gt;\u00a0<a href=\"https:\/\/maligue2.fr\/2025\/06\/14\/ligue-2-le-calendrier-des-matchs-amicaux-de-lete-2025\/\" rel=\"nofollow noopener\" target=\"_blank\">Ligue 2 \u2013 Le calendrier des matchs amicaux de l\u2019\u00e9t\u00e9 2025<\/a><\/p>\n<p>Montpellier 0-2 Rodez<\/p>\n<p>Buteurs : Bald\u00e9 (30e), Baaloudj (90+4) pour Rodez<\/p>\n<p><strong>MHSC<\/strong> : Michel \u2013 Coulibaly, Ferri, Jullien, Laporte \u2013 Mincarelli, Omeragic, Pays \u2013 Tchato, Mbuku, Mendy<br \/><strong>RAF<\/strong> : Braat \u2013 Galves, Laurent, Lipinski, Magnin, Mazou-Sacko \u2013 Mendes, Ponti, Trouillet \u2013 Bald\u00e9, Seck (\u00e0 l\u2019essai)<\/p>\n<p>Concarneau 2-3 Laval<\/p>\n<p>Buteurs : Soukouna (19e), Goujon (43e) pour l\u2019USC \/ Faurand-Tournaire (45e), Mupemba (75e, 90+2) pour le SLMFC<\/p>\n<p><strong>SLMFC<\/strong> : Samassa \u2013\u00a0 Cherni, Camara, Commaret, Pellenard, Vargas \u2013 Sanna, Sellouki, Maggiotti, Thomas, \u2013 Faurand-Tournaire<\/p>\n<p>FC Sion 3-0 FC Annecy<\/p>\n<p>Buteurs : Nivokazi (37e), Kololli (36e), Hefti (88e)<\/p>\n<p><strong>FCA<\/strong> : Escales, Billemaz, Delphis, Fernandez, Hbouch, Kashi, Kouadio, Lajugie, N\u2019sakala, Rambaud, Venot<\/p>\n<p>Real Sociedad 2-0 Pau FC<\/p>\n<p>Buteurs : Pacheco (20e), Marin (30e)<\/p>\n<p><strong>PFC<\/strong> : Salles \u2013 Beusnard, Brian\u00e7on, Kalulu, Koudou, Meddah, Ngom, Ruiz, Sadik, Versini, Zuliani<\/p>\n<p>AS Saint-\u00c9tienne 2-3 Servette Gen\u00e8ve<\/p>\n<p>Buteurs : Cardona (41e), Boakye (87e) pour l\u2019ASSE<\/p>\n<p><strong>ASSE<\/strong> : Larsonneur \u2013 Appiah, Bernauer, Lamba, Jaber \u2013 El Jamali, Gadegbeku, Tardieu \u2013 Old, Traor\u00e9<\/p>\n<p>Photo \u00a9Anthony Bibard\/FEP\/Icon Sport<\/p>\n","protected":false},"excerpt":{"rendered":"Six clubs de Ligue 2 disputaient des matchs amicaux vendredi en fin de journ\u00e9e, avec m\u00eame une confrontation&hellip;\n","protected":false},"author":2,"featured_media":260060,"comment_status":"","ping_status":"","sticky":false,"template":"","format":"standard","meta":{"footnotes":""},"categories":[9653],"tags":[1111,11,3853,2430,1777,674,1011,27,2693,2208,12,6374,25,26119,4001],"class_list":{"0":"post-260059","1":"post","2":"type-post","3":"status-publish","4":"format-standard","5":"has-post-thumbnail","7":"category-saint-etienne","8":"tag-actu","9":"tag-actualites","10":"tag-annecy","11":"tag-auvergne-rhone-alpes","12":"tag-eu","13":"tag-europe","14":"tag-fr","15":"tag-france","16":"tag-laval","17":"tag-montpellier","18":"tag-news","19":"tag-pau","20":"tag-republique-francaise","21":"tag-rodez","22":"tag-saint-etienne"},"share_on_mastodon":{"url":"https:\/\/pubeurope.com\/@fr\/114882989435199488","error":""},"_links":{"self":[{"href":"https:\/\/www.europesays.com\/fr\/wp-json\/wp\/v2\/posts\/260059","targetHints":{"allow":["GET"]}}],"collection":[{"href":"https:\/\/www.europesays.com\/fr\/wp-json\/wp\/v2\/posts"}],"about":[{"href":"https:\/\/www.europesays.com\/fr\/wp-json\/wp\/v2\/types\/post"}],"author":[{"embeddable":true,"href":"https:\/\/www.europesays.com\/fr\/wp-json\/wp\/v2\/users\/2"}],"replies":[{"embeddable":true,"href":"https:\/\/www.europesays.com\/fr\/wp-json\/wp\/v2\/comments?post=260059"}],"version-history":[{"count":0,"href":"https:\/\/www.europesays.com\/fr\/wp-json\/wp\/v2\/posts\/260059\/revisions"}],"wp:featuredmedia":[{"embeddable":true,"href":"https:\/\/www.europesays.com\/fr\/wp-json\/wp\/v2\/media\/260060"}],"wp:attachment":[{"href":"https:\/\/www.europesays.com\/fr\/wp-json\/wp\/v2\/media?parent=260059"}],"wp:term":[{"taxonomy":"category","embeddable":true,"href":"https:\/\/www.europesays.com\/fr\/wp-json\/wp\/v2\/categories?post=260059"},{"taxonomy":"post_tag","embeddable":true,"href":"https:\/\/www.europesays.com\/fr\/wp-json\/wp\/v2\/tags?post=260059"}],"curies":[{"name":"wp","href":"https:\/\/api.w.org\/{rel}","templated":true}]}}