{"id":26006,"date":"2025-04-15T06:09:09","date_gmt":"2025-04-15T06:09:09","guid":{"rendered":"https:\/\/www.europesays.com\/fr\/26006\/"},"modified":"2025-04-15T06:09:09","modified_gmt":"2025-04-15T06:09:09","slug":"les-vacanciers-arrivent-en-nombre-dans-le-val-de-saire","status":"publish","type":"post","link":"https:\/\/www.europesays.com\/fr\/26006\/","title":{"rendered":"les vacanciers arrivent en nombre dans le Val de Saire"},"content":{"rendered":"<p>            Par<br \/>\n        <strong><br \/>\n            <a href=\"https:\/\/actu.fr\/auteur\/redaction-pressemanche\" title=\"Consulter tous les articles de R\u00e9daction La Presse de la Manche\" target=\"_blank\" rel=\"noopener\">R\u00e9daction La Presse de la Manche<\/a><br \/>\n        <\/strong><\/p>\n<p>        Publi\u00e9 le<\/p>\n<p>            13 avr. 2025 \u00e0 8h58        <\/p>\n<p>Quelle ambiance en fin de matin\u00e9e et d\u00e9but d\u2019apr\u00e8s-midi, <b>samedi 12\u00a0avril 2025<\/b>, sur <b>les quais<\/b> de <a href=\"https:\/\/actu.fr\/normandie\/saint-vaast-la-hougue_50562\" target=\"_blank\" rel=\"noopener\">Saint-Vaast-la-Hougue<\/a> (Manche).<\/p>\n<p class=\" wall-content\">Il faut dire que <b>le soleil<\/b> \u00e9tait g\u00e9n\u00e9reux et surtout que <b>le vent frais<\/b> de <b>Nord-Est <\/b>\u00e9tait enfin tomb\u00e9\u2009!<\/p>\n<p>La m\u00e9t\u00e9o au rendez-vous<\/p>\n<p class=\" wall-content\">Avec un thermom\u00e8tre qui affichait 17\u00a0\u00b0C \u00e0 l\u2019ombre, sur les coups de 14\u2009h en front de mer, face \u00e0<b> l\u2019\u00eele Tatihou<\/b>, il n\u2019en fallait pas davantage pour <b>susciter l\u2019envie <\/b>de <b>prendre l\u2019air<\/b>.<\/p>\n<blockquote class=\"ac-article-quote wall-content\">\n<p>La m\u00e9t\u00e9o est au rendez-vous et on est blind\u00e9 depuis vendredi avec beaucoup de Caennais et de Rouennais, mais aussi des Parisiens.<\/p>\n<p>Eric et Laurette, propri\u00e9taires de la cr\u00eaperie Ponton G<\/p><\/blockquote>\n<p class=\" wall-content\"><b>Place de la R\u00e9publique<\/b>, deux <b>v\u00e9t\u00e9rans anglais<\/b> qui se baladent en d\u00e9capotable le long de la c\u00f4te cherchent une place pr\u00e8s du <b>bar-tabac Le Mouillage<\/b>.<\/p>\n<p class=\" wall-content\">\u00ab\u2009Ce temps est magnifique\u2009!\u2009\u00bb, s\u2019exclament-ils avec le sourire aux l\u00e8vres. Le long du <b>port <\/b>et jusqu\u2019\u00e0 la <b>capitainerie<\/b>, il y avait <b>foule<\/b>.<\/p>\n<p>Normands et Parisiens en force<\/p>\n<p class=\" wall-content\">Et <b>les restaurants<\/b>, avec leurs <b>terrasses<\/b>, grouillaient de vie et de bonheur.<\/p>\n<p class=\" wall-content\">Devant le resto Le D\u00e9tour, <b>quai Vauban<\/b>, deux copines parties la veille en voiture de chez elles, <b>en Suisse<\/b>, pour un road trip de trois jours, regardent <b>le menu<\/b> qui est affich\u00e9.<\/p>\n<blockquote class=\"ac-article-quote wall-content\">\n<p>Nous avons rejoint la mer \u00e0 \u00c9tretat pour d\u00e9couvrir les falaises, puis nous longeons la c\u00f4te du Cotentin avec une \u00e9tape \u00e0 Saint-Vaast avant de terminer par la visite du Mont Saint-Michel.<\/p>\n<p>Zo\u00e9 et Linda, qui ont opt\u00e9 pour la formule Airbnb chaque soir<\/p><\/blockquote>\n<p class=\" wall-content\">Si <b>les \u00e9trangers<\/b> viennent r\u00e9guli\u00e8rement en s\u00e9jour dans notre presqu\u2019\u00eele, ce sont bien <b>les Normands<\/b> et <b>les Parisiens <\/b>que nous avons rencontr\u00e9s le plus souvent, en ce <b>d\u00e9but de week-end<\/b> \u00e0 Saint-Vaast.<\/p>\n<p class=\" wall-content\">Et pour cause\u2009: ce sont <b>les vacances scolaires<\/b> qui durent deux semaines. Elles ont commenc\u00e9 le samedi 5\u00a0avril pour une grande moiti\u00e9 nord du pays, \u00e0 l\u2019exception de <b>l\u2019\u00cele-de-France<\/b> qui ne les a d\u00e9but\u00e9es que samedi.<\/p>\n<p>L\u2019\u00eele Tatihou s\u00e9duit<\/p>\n<p class=\" wall-content\">\u00c0 l\u2019<b>office de tourisme<\/b>, les <b>r\u00e9servations <\/b>vers l\u2019\u00eele Tatihou ont le vent en poupe.<\/p>\n<blockquote class=\"ac-article-quote wall-content\">\n<p>On est complet tous les jours depuis le d\u00e9but des vacances et on tourne avec deux bateaux le week-end.<\/p>\n<p>Pauline, Emilie, et Delphine devant leurs ordinateurs<\/p><\/blockquote>\n<p class=\" wall-content\"><a href=\"https:\/\/actu.fr\/economie\/une-deuxieme-commune-du-cotentin-reconnue-station-classee-de-tourisme_62363837.html\" target=\"_blank\" rel=\"noopener\">Reconnue \u00ab\u2009Station class\u00e9e de tourisme\u2009\u00bb depuis le 24\u00a0f\u00e9vrier<\/a>, \u00ab\u2009la commune est regard\u00e9e de pr\u00e8s par <b>les internautes<\/b> qui likent les vid\u00e9os en ligne\u2009\u00bb.<\/p>\n<p class=\" wall-content\">\u00c0 la terrasse de la cr\u00eaperie Ponton G, une famille nombreuse arriv\u00e9e de <a href=\"https:\/\/actu.fr\/normandie\/fecamp_76259\" target=\"_blank\" rel=\"noopener\">F\u00e9camp <\/a>jeudi 10\u00a0avril s\u2019est install\u00e9e autour d\u2019une grande table. \u00ab\u2009On vient souvent pr\u00e8s du port qu\u2019on appr\u00e9cie, et on aime aussi <a href=\"https:\/\/actu.fr\/normandie\/le-vast_50619\" target=\"_blank\" rel=\"noopener\">le Vast<\/a> pour <b>sa brioche<\/b> et <a href=\"https:\/\/actu.fr\/normandie\/reville_50433\" target=\"_blank\" rel=\"noopener\">R\u00e9ville <\/a>avec<b> l\u2019anse de Jonville\u2009<\/b>\u00bb.<\/p>\n<p>Ambiance familiale \u00e0 L\u2019Itre<\/p>\n<p class=\" wall-content\">Du c\u00f4t\u00e9 des autres \u00e9tablissements, les voyants se sont tous mis au vert et <b>les patrons<\/b> sont d\u00e9j\u00e0 dans les starting-blocks \u00e0 l\u2019approche de<b> la saison estivale<\/b>.<\/p>\n<p class=\" wall-content\">\u00ab\u2009Ce <b>bon d\u00e9marrage<\/b> permet de r<b>oder l\u2019organisation<\/b> et de mettre en place notre n<b>ouvelle \u00e9quipe\u2009<\/b>\u00bb, confient Fran\u00e7ois et Gwena\u00eblle (Le D\u00e9tour).<\/p>\n<blockquote class=\"ac-article-quote wall-content\">\n<p>La saison se lance ce mois-ci\u2009; les gens sont l\u00e0 et les g\u00eetes tout autour sont lou\u00e9s.<\/p>\n<p>Karine et Julien (Le D\u00e9barcad\u00e8re)<\/p><\/blockquote>\n<p class=\" wall-content\"><b>Ambiance familiale et conviviale <\/b>\u00e0 souhait \u00e0 L\u2019Itre,<b> petit bar<\/b> au grand c\u0153ur o\u00f9 les tables rapproch\u00e9es invitent au <b>partage <\/b>et aux <b>\u00e9changes<\/b>.<\/p>\n<p class=\" wall-content\">En train de <b>d\u00e9guster <\/b>des hu\u00eetres, des bulots et du saumon gravlax, en compagnie de son \u00e9pouse Laure et de sa fille Mathilde, Christophe ne manque pas <b>d\u2019humour<\/b>.<\/p>\n<p class=\" wall-content\">\u00ab\u2009Quand j\u2019\u00e9tais immatricul\u00e9 75, on me regardait avec des gros yeux par ici\u2009; et maintenant que j\u2019ai un 50, ce sont les Parisiens qui me klaxonnent tous les jours dans <b>la capitale\u2009<\/b>!\u2009\u00bb<\/p>\n<p class=\" wall-content\"><b>De notre correspondant Christophe LUNEAU<\/b><\/p>\n<p>Les navettes avec l\u2019amphibie vers l\u2019\u00eele Tatihou affichent complet tous les jours depuis le samedi 5\u00a0avril et n\u00e9cessitent le renfort d\u2019un deuxi\u00e8me bateau le week-end.<\/p>\n<p class=\" wall-content\">Suivez toute l\u2019actualit\u00e9 de vos villes et m\u00e9dias favoris en vous inscrivant \u00e0 <a href=\"https:\/\/moncompte.actu.fr\" title=\"D\u00e9couvez Mon Actu\" rel=\"nofollow noopener\" data-trk=\"{&quot;cta&quot;:{&quot;action&quot;:&quot;https:\\\/\\\/moncompte.actu.fr&quot;,&quot;category&quot;:&quot;mon compte&quot;,&quot;from&quot;:&quot;article footer&quot;,&quot;name&quot;:&quot;Mon actu&quot;,&quot;type&quot;:&quot;cta&quot;}}\" target=\"_blank\">Mon Actu<\/a>.<\/p>\n","protected":false},"excerpt":{"rendered":"Par R\u00e9daction La Presse de la Manche Publi\u00e9 le 13 avr. 2025 \u00e0 8h58 Quelle ambiance en fin&hellip;\n","protected":false},"author":2,"featured_media":26007,"comment_status":"","ping_status":"","sticky":false,"template":"","format":"standard","meta":{"footnotes":""},"categories":[4],"tags":[11,3168,33,1011,27,12,25,602,3176],"class_list":{"0":"post-26006","1":"post","2":"type-post","3":"status-publish","4":"format-standard","5":"has-post-thumbnail","7":"category-france","8":"tag-actualites","9":"tag-cotentin","10":"tag-economie","11":"tag-fr","12":"tag-france","13":"tag-news","14":"tag-republique-francaise","15":"tag-tourisme","16":"tag-vacances-scolaires"},"share_on_mastodon":{"url":"https:\/\/pubeurope.com\/@fr\/114340492940263686","error":""},"_links":{"self":[{"href":"https:\/\/www.europesays.com\/fr\/wp-json\/wp\/v2\/posts\/26006","targetHints":{"allow":["GET"]}}],"collection":[{"href":"https:\/\/www.europesays.com\/fr\/wp-json\/wp\/v2\/posts"}],"about":[{"href":"https:\/\/www.europesays.com\/fr\/wp-json\/wp\/v2\/types\/post"}],"author":[{"embeddable":true,"href":"https:\/\/www.europesays.com\/fr\/wp-json\/wp\/v2\/users\/2"}],"replies":[{"embeddable":true,"href":"https:\/\/www.europesays.com\/fr\/wp-json\/wp\/v2\/comments?post=26006"}],"version-history":[{"count":0,"href":"https:\/\/www.europesays.com\/fr\/wp-json\/wp\/v2\/posts\/26006\/revisions"}],"wp:featuredmedia":[{"embeddable":true,"href":"https:\/\/www.europesays.com\/fr\/wp-json\/wp\/v2\/media\/26007"}],"wp:attachment":[{"href":"https:\/\/www.europesays.com\/fr\/wp-json\/wp\/v2\/media?parent=26006"}],"wp:term":[{"taxonomy":"category","embeddable":true,"href":"https:\/\/www.europesays.com\/fr\/wp-json\/wp\/v2\/categories?post=26006"},{"taxonomy":"post_tag","embeddable":true,"href":"https:\/\/www.europesays.com\/fr\/wp-json\/wp\/v2\/tags?post=26006"}],"curies":[{"name":"wp","href":"https:\/\/api.w.org\/{rel}","templated":true}]}}