{"id":260061,"date":"2025-07-20T01:36:35","date_gmt":"2025-07-20T01:36:35","guid":{"rendered":"https:\/\/www.europesays.com\/fr\/260061\/"},"modified":"2025-07-20T01:36:35","modified_gmt":"2025-07-20T01:36:35","slug":"consenvoye-mariage-nancy-et-richard","status":"publish","type":"post","link":"https:\/\/www.europesays.com\/fr\/260061\/","title":{"rendered":"Consenvoye | Mariage. Nancy et Richard"},"content":{"rendered":"<p>Ils ont tous deux l\u2019\u00e9l\u00e9gance des mots. L\u2019une \u00e0 travers sa voix et ses chansons. L\u2019autre \u00e0 travers sa plume du quotidien. Ce samedi 19\u00a0juillet, Nancy Chaumont et Richard Raspes ont d\u00e9cid\u00e9 de s\u2019en v\u00eatir en conviant famille et amis pour unir leur destin\u00e9e, chez eux, \u00e0 Consenvoye. Quelques gouttes dans le ciel, d\u2019autres ruisselantes sur les joues pour sacraliser un moment hors du temps. <\/p>\n<p>Jamais un coup de d\u00e9s n\u2019abolira le hasard qui les a fait se rencontrer en janvier\u00a02020, Nancy la r\u00e9alisatrice et \ufeffRichard le journaliste. <\/p>\n<p>Tous nos v\u0153ux de bonheur.<\/p>\n","protected":false},"excerpt":{"rendered":"Ils ont tous deux l\u2019\u00e9l\u00e9gance des mots. L\u2019une \u00e0 travers sa voix et ses chansons. L\u2019autre \u00e0 travers&hellip;\n","protected":false},"author":2,"featured_media":260062,"comment_status":"","ping_status":"","sticky":false,"template":"","format":"standard","meta":{"footnotes":""},"categories":[9635],"tags":[1111,11,9223,38237,40005,10174,1777,674,1011,27,775,1930,1702,12,25,104],"class_list":{"0":"post-260061","1":"post","2":"type-post","3":"status-publish","4":"format-standard","5":"has-post-thumbnail","7":"category-nancy","8":"tag-actu","9":"tag-actualites","10":"tag-carnet-du-jour","11":"tag-cc-argonne-meuse-55a","12":"tag-consenvoye","13":"tag-edition-verdun","14":"tag-eu","15":"tag-europe","16":"tag-fr","17":"tag-france","18":"tag-grand-est","19":"tag-mariage","20":"tag-nancy","21":"tag-news","22":"tag-republique-francaise","23":"tag-societe"},"share_on_mastodon":{"url":"https:\/\/pubeurope.com\/@fr\/114883001241929630","error":""},"_links":{"self":[{"href":"https:\/\/www.europesays.com\/fr\/wp-json\/wp\/v2\/posts\/260061","targetHints":{"allow":["GET"]}}],"collection":[{"href":"https:\/\/www.europesays.com\/fr\/wp-json\/wp\/v2\/posts"}],"about":[{"href":"https:\/\/www.europesays.com\/fr\/wp-json\/wp\/v2\/types\/post"}],"author":[{"embeddable":true,"href":"https:\/\/www.europesays.com\/fr\/wp-json\/wp\/v2\/users\/2"}],"replies":[{"embeddable":true,"href":"https:\/\/www.europesays.com\/fr\/wp-json\/wp\/v2\/comments?post=260061"}],"version-history":[{"count":0,"href":"https:\/\/www.europesays.com\/fr\/wp-json\/wp\/v2\/posts\/260061\/revisions"}],"wp:featuredmedia":[{"embeddable":true,"href":"https:\/\/www.europesays.com\/fr\/wp-json\/wp\/v2\/media\/260062"}],"wp:attachment":[{"href":"https:\/\/www.europesays.com\/fr\/wp-json\/wp\/v2\/media?parent=260061"}],"wp:term":[{"taxonomy":"category","embeddable":true,"href":"https:\/\/www.europesays.com\/fr\/wp-json\/wp\/v2\/categories?post=260061"},{"taxonomy":"post_tag","embeddable":true,"href":"https:\/\/www.europesays.com\/fr\/wp-json\/wp\/v2\/tags?post=260061"}],"curies":[{"name":"wp","href":"https:\/\/api.w.org\/{rel}","templated":true}]}}