{"id":260067,"date":"2025-07-20T01:43:06","date_gmt":"2025-07-20T01:43:06","guid":{"rendered":"https:\/\/www.europesays.com\/fr\/260067\/"},"modified":"2025-07-20T01:43:06","modified_gmt":"2025-07-20T01:43:06","slug":"tennis-lois-boisson-qualifiee-pour-sa-premiere-finale-wta-a-hambourg","status":"publish","type":"post","link":"https:\/\/www.europesays.com\/fr\/260067\/","title":{"rendered":"Tennis. Lo\u00efs Boisson qualifi\u00e9e pour sa premi\u00e8re finale WTA \u00e0 Hambourg"},"content":{"rendered":"<p>Six semaines apr\u00e8s avoir atteint <a href=\"https:\/\/www.ledauphine.com\/sport\/2025\/06\/05\/coco-gauff-met-fin-a-la-belle-aventure-de-lois-boisson-et-rejoint-sabalenka-en-finale\" target=\"_blank\" rel=\"noopener\">les demi-finales de Roland-Garros<\/a>,\u00a0la Fran\u00e7aise <a href=\"https:\/\/www.ledauphine.com\/p\/lois-boisson\" target=\"_blank\" rel=\"noopener\">Lo\u00efs Boisson<\/a> (63e mondiale) continue d&rsquo;\u00e9pater son monde. La Dijonnaise s&rsquo;est qualifi\u00e9e samedi pour sa premi\u00e8re finale d&rsquo;un tournoi WTA en battant l&rsquo;Ukrainienne Dayana Yastremska (39e) 6-1, 7-6 (7\/5) en demi-finales du tournoi sur terre battue d&rsquo;Hambourg.<\/p>\n<p>  \u00ab C&rsquo;est g\u00e9nial pour moi\u00a0\u00bb<\/p>\n<p>Sur l&rsquo;ocre allemand on a retrouv\u00e9 la Lo\u00efs Boisson de Roland-Garros. La joueuse de 22 ans a renou\u00e9 avec son meilleur tennis et affrontera dimanche en finale la Hongroise Anna Bondar (77e), victorieuse de la Slov\u00e8ne Kaja Juvan (207e) 5-7, 6-3, 6-4.<\/p>\n<p>\u00ab C&rsquo;est g\u00e9nial pour moi. Atteindre la finale c&rsquo;est le but. On verra demain, j&rsquo;essaierai de gagner \u00bb, a lanc\u00e9 la Fran\u00e7aise apr\u00e8s son succ\u00e8s contre Yastremska.<\/p>\n<p>Oubli\u00e9es l&rsquo;\u00e9limination au premier tour des qualifications \u00e0 Wimbledon, sur gazon, fin juin, puis la d\u00e9faite d\u00e8s le deuxi\u00e8me tour du tournoi de Bastad, sur terre battue, d\u00e9but juillet.\u00a0<\/p>\n<p>  51e mondiale minimum<\/p>\n<p>A Hambourg, la Fran\u00e7aise a certes eu besoin au deuxi\u00e8me tour de trois sets 6-4, 6-7 (3\/7), 6-4 et pr\u00e8s de trois heures de jeu pour battre l&rsquo;Allemande Tamara Korpatsch. Mais en quarts, Boisson a balay\u00e9 la Bulgare Viktoriya Tomova (105e), 6-3, 6-3, en une petite heure.<\/p>\n<p>En demies samedi, la Fran\u00e7aise a de nouveau impressionn\u00e9 dans la premi\u00e8re manche, boucl\u00e9e 6-1 en moins d&rsquo;une demi-heure. Mais le deuxi\u00e8me set a \u00e9t\u00e9 plus accroch\u00e9. Boisson a perdu sa mise en jeu et a vu son adversaire, plus agressive, recoller \u00e0 5-5 puis l&rsquo;entra\u00eener dans un jeu d\u00e9cisif.\u00a0<\/p>\n<p>Dans ce tie-break, la Fran\u00e7aise s&rsquo;est montr\u00e9e plus solide, notamment au service, pour s&rsquo;offrir le droit de r\u00eaver \u00e0 un premier titre dimanche. Quoi qu&rsquo;il arrive en finale, Lo\u00efs Boisson sera 51e au classement WTA lundi. Un succ\u00e8s lui permettrait d&rsquo;int\u00e9grer le Top 50.<\/p>\n","protected":false},"excerpt":{"rendered":"Six semaines apr\u00e8s avoir atteint les demi-finales de Roland-Garros,\u00a0la Fran\u00e7aise Lo\u00efs Boisson (63e mondiale) continue d&rsquo;\u00e9pater son monde.&hellip;\n","protected":false},"author":2,"featured_media":260068,"comment_status":"","ping_status":"","sticky":false,"template":"","format":"standard","meta":{"footnotes":""},"categories":[9566],"tags":[1111,11,3853,3854,3855,2430,3856,1777,674,107,1701,1011,27,2731,4638,12,25,517,1947,1467],"class_list":{"0":"post-260067","1":"post","2":"type-post","3":"status-publish","4":"format-standard","5":"has-post-thumbnail","7":"category-grenoble","8":"tag-actu","9":"tag-actualites","10":"tag-annecy","11":"tag-annecy-bassin","12":"tag-annecy-region","13":"tag-auvergne-rhone-alpes","14":"tag-edition-annecy-rumilly-les-aravis","15":"tag-eu","16":"tag-europe","17":"tag-fil-info","18":"tag-fil-info-sport","19":"tag-fr","20":"tag-france","21":"tag-grenoble","22":"tag-haute-savoie","23":"tag-news","24":"tag-republique-francaise","25":"tag-sport","26":"tag-sport-national","27":"tag-tennis"},"share_on_mastodon":{"url":"https:\/\/pubeurope.com\/@fr\/114883029065523693","error":""},"_links":{"self":[{"href":"https:\/\/www.europesays.com\/fr\/wp-json\/wp\/v2\/posts\/260067","targetHints":{"allow":["GET"]}}],"collection":[{"href":"https:\/\/www.europesays.com\/fr\/wp-json\/wp\/v2\/posts"}],"about":[{"href":"https:\/\/www.europesays.com\/fr\/wp-json\/wp\/v2\/types\/post"}],"author":[{"embeddable":true,"href":"https:\/\/www.europesays.com\/fr\/wp-json\/wp\/v2\/users\/2"}],"replies":[{"embeddable":true,"href":"https:\/\/www.europesays.com\/fr\/wp-json\/wp\/v2\/comments?post=260067"}],"version-history":[{"count":0,"href":"https:\/\/www.europesays.com\/fr\/wp-json\/wp\/v2\/posts\/260067\/revisions"}],"wp:featuredmedia":[{"embeddable":true,"href":"https:\/\/www.europesays.com\/fr\/wp-json\/wp\/v2\/media\/260068"}],"wp:attachment":[{"href":"https:\/\/www.europesays.com\/fr\/wp-json\/wp\/v2\/media?parent=260067"}],"wp:term":[{"taxonomy":"category","embeddable":true,"href":"https:\/\/www.europesays.com\/fr\/wp-json\/wp\/v2\/categories?post=260067"},{"taxonomy":"post_tag","embeddable":true,"href":"https:\/\/www.europesays.com\/fr\/wp-json\/wp\/v2\/tags?post=260067"}],"curies":[{"name":"wp","href":"https:\/\/api.w.org\/{rel}","templated":true}]}}