{"id":260069,"date":"2025-07-20T01:44:10","date_gmt":"2025-07-20T01:44:10","guid":{"rendered":"https:\/\/www.europesays.com\/fr\/260069\/"},"modified":"2025-07-20T01:44:10","modified_gmt":"2025-07-20T01:44:10","slug":"bitchfest-de-mona-de-grenoble-une-soiree-piquante-a-juste-pour-rire-montreal","status":"publish","type":"post","link":"https:\/\/www.europesays.com\/fr\/260069\/","title":{"rendered":"Bitchfest de Mona de Grenoble : une soir\u00e9e piquante \u00e0 Juste pour rire Montr\u00e9al"},"content":{"rendered":"<p><strong>Le 18 juillet au Studio TD, dans le cadre du festival Juste pour rire Montr\u00e9al, Bitchfest de Mona de Grenoble a offert une soir\u00e9e d\u2019humour mordant et d\u00e9complex\u00e9. Cette fois, Mona ne tenait pas le r\u00f4le d\u2019animatrice, mais elle se faisait bitcher avec \u00e9clat sous l\u2019animation p\u00e9tillante de Lady Guidoune. Un spectacle o\u00f9 audace, d\u00e9rision et complicit\u00e9 ont fait vibrer le public, pour un moment unique et m\u00e9morable.<\/strong><\/p>\n<p><img decoding=\"async\" data-attachment-id=\"152513\" data-permalink=\"https:\/\/bpartsmedia.ca\/bitchfest-mona-de-grenoble\/bitch_mona-4\/\" data-orig-file=\"https:\/\/i0.wp.com\/bpartsmedia.ca\/wp-content\/uploads\/2025\/07\/Bitch_Mona-4.jpg?fit=1200%2C1500&amp;ssl=1\" data-orig-size=\"1200,1500\" data-comments-opened=\"1\" data-image-meta=\"{&quot;aperture&quot;:&quot;3.5&quot;,&quot;credit&quot;:&quot;Pixzabelle&quot;,&quot;camera&quot;:&quot;ILCE-7M4&quot;,&quot;caption&quot;:&quot;&quot;,&quot;created_timestamp&quot;:&quot;1752888637&quot;,&quot;copyright&quot;:&quot;Isabelle Gerard&quot;,&quot;focal_length&quot;:&quot;70&quot;,&quot;iso&quot;:&quot;4000&quot;,&quot;shutter_speed&quot;:&quot;0.005&quot;,&quot;title&quot;:&quot;&quot;,&quot;orientation&quot;:&quot;0&quot;}\" data-image-title=\"Bitch_Mona-4\" data-image-description=\"\" data-image-caption=\"\" data-medium-file=\"https:\/\/i0.wp.com\/bpartsmedia.ca\/wp-content\/uploads\/2025\/07\/Bitch_Mona-4.jpg?fit=240%2C300&amp;ssl=1\" data-large-file=\"https:\/\/i0.wp.com\/bpartsmedia.ca\/wp-content\/uploads\/2025\/07\/Bitch_Mona-4.jpg?fit=640%2C800&amp;ssl=1\" role=\"button\" tabindex=\"0\" aria-label=\"Ouvrir l\u2019image 4 sur 20 en plein \u00e9cran\"  alt=\"\" data-height=\"1500\" data-id=\"152513\" data-link=\"https:\/\/bpartsmedia.ca\/?attachment_id=152513\" data-url=\"https:\/\/bpartsmedia.ca\/wp-content\/uploads\/2025\/07\/Bitch_Mona-4-819x1024.jpg\" data-width=\"1200\" src=\"https:\/\/www.europesays.com\/fr\/wp-content\/uploads\/2025\/07\/Bitch_Mona-4-819x1024.jpg\" data-amp-layout=\"responsive\"\/><\/p>\n<p><img loading=\"lazy\" data-recalc-dims=\"1\" decoding=\"async\" width=\"640\" height=\"960\" data-attachment-id=\"81728\" data-permalink=\"https:\/\/bpartsmedia.ca\/bullet-for-my-valentine\/isabelle-3\/\" data-orig-file=\"https:\/\/i0.wp.com\/bpartsmedia.ca\/wp-content\/uploads\/2023\/10\/Isabelle-rotated.jpg?fit=1500%2C2250&amp;ssl=1\" data-orig-size=\"1500,2250\" data-comments-opened=\"1\" data-image-meta=\"{&quot;aperture&quot;:&quot;0&quot;,&quot;credit&quot;:&quot;&quot;,&quot;camera&quot;:&quot;&quot;,&quot;caption&quot;:&quot;&quot;,&quot;created_timestamp&quot;:&quot;1688049753&quot;,&quot;copyright&quot;:&quot;&quot;,&quot;focal_length&quot;:&quot;0&quot;,&quot;iso&quot;:&quot;0&quot;,&quot;shutter_speed&quot;:&quot;0&quot;,&quot;title&quot;:&quot;&quot;,&quot;orientation&quot;:&quot;1&quot;}\" data-image-title=\"Isabelle\" data-image-description=\"\" data-image-caption=\"\" data-medium-file=\"https:\/\/i0.wp.com\/bpartsmedia.ca\/wp-content\/uploads\/2023\/10\/Isabelle-rotated.jpg?fit=200%2C300&amp;ssl=1\" data-large-file=\"https:\/\/i0.wp.com\/bpartsmedia.ca\/wp-content\/uploads\/2023\/10\/Isabelle-rotated.jpg?fit=640%2C960&amp;ssl=1\" src=\"https:\/\/www.europesays.com\/fr\/wp-content\/uploads\/2025\/07\/Isabelle.jpg\" alt=\"\" class=\"wp-image-81728\"  \/><\/p>\n<p>Isabelle Gerard | Photographe<\/p>\n<p>Pixzabelle; c\u2019est Isabelle, b\u00e9b\u00e9 des ann\u00e9es 70, n\u00e9e en Belgique. Tr\u00e8s t\u00f4t, la musique a pris une grande place dans sa vie. Elle a toujours ador\u00e9 aller voir des concerts, son premier concert \u00e9tait les NKOTB\u2026 depuis ses go\u00fbts ont bien chang\u00e9, vous la retrouverez le plus souvent aux concerts de metal\/rock. Isabelle a rejoint l\u2019\u00e9quipe de BP Arts M\u00e9dia en octobre 2022.<\/p>\n<p>\n\tArticles similaires<\/p>\n","protected":false},"excerpt":{"rendered":"Le 18 juillet au Studio TD, dans le cadre du festival Juste pour rire Montr\u00e9al, Bitchfest de Mona&hellip;\n","protected":false},"author":2,"featured_media":260070,"comment_status":"","ping_status":"","sticky":false,"template":"","format":"standard","meta":{"footnotes":""},"categories":[9566],"tags":[17,1111,11,2430,40006,4228,1777,674,849,1011,27,2731,708,40007,40008,40009,40010,40011,12,25,40012,3140,7492,40013],"class_list":{"0":"post-260069","1":"post","2":"type-post","3":"status-publish","4":"format-standard","5":"has-post-thumbnail","7":"category-grenoble","8":"tag-17","9":"tag-actu","10":"tag-actualites","11":"tag-auvergne-rhone-alpes","12":"tag-bitchfest-de-mona-de-grenoble","13":"tag-comedie","14":"tag-eu","15":"tag-europe","16":"tag-festival","17":"tag-fr","18":"tag-france","19":"tag-grenoble","20":"tag-humour","21":"tag-humour-mordant","22":"tag-humour-quebecois","23":"tag-juste-pour-rire-montreal","24":"tag-lady-guidoune","25":"tag-mona-de-grenoble","26":"tag-news","27":"tag-republique-francaise","28":"tag-scene-quebecoise","29":"tag-spectacle","30":"tag-stand-up","31":"tag-studio-td"},"share_on_mastodon":{"url":"https:\/\/pubeurope.com\/@fr\/114883032768591379","error":""},"_links":{"self":[{"href":"https:\/\/www.europesays.com\/fr\/wp-json\/wp\/v2\/posts\/260069","targetHints":{"allow":["GET"]}}],"collection":[{"href":"https:\/\/www.europesays.com\/fr\/wp-json\/wp\/v2\/posts"}],"about":[{"href":"https:\/\/www.europesays.com\/fr\/wp-json\/wp\/v2\/types\/post"}],"author":[{"embeddable":true,"href":"https:\/\/www.europesays.com\/fr\/wp-json\/wp\/v2\/users\/2"}],"replies":[{"embeddable":true,"href":"https:\/\/www.europesays.com\/fr\/wp-json\/wp\/v2\/comments?post=260069"}],"version-history":[{"count":0,"href":"https:\/\/www.europesays.com\/fr\/wp-json\/wp\/v2\/posts\/260069\/revisions"}],"wp:featuredmedia":[{"embeddable":true,"href":"https:\/\/www.europesays.com\/fr\/wp-json\/wp\/v2\/media\/260070"}],"wp:attachment":[{"href":"https:\/\/www.europesays.com\/fr\/wp-json\/wp\/v2\/media?parent=260069"}],"wp:term":[{"taxonomy":"category","embeddable":true,"href":"https:\/\/www.europesays.com\/fr\/wp-json\/wp\/v2\/categories?post=260069"},{"taxonomy":"post_tag","embeddable":true,"href":"https:\/\/www.europesays.com\/fr\/wp-json\/wp\/v2\/tags?post=260069"}],"curies":[{"name":"wp","href":"https:\/\/api.w.org\/{rel}","templated":true}]}}