{"id":260071,"date":"2025-07-20T01:46:58","date_gmt":"2025-07-20T01:46:58","guid":{"rendered":"https:\/\/www.europesays.com\/fr\/260071\/"},"modified":"2025-07-20T01:46:58","modified_gmt":"2025-07-20T01:46:58","slug":"on-est-encore-loin-detre-a-100-buteur-face-a-rennes-avec-le-stade-brestois-ludovic-ajorque-lance-sa-preparation","status":"publish","type":"post","link":"https:\/\/www.europesays.com\/fr\/260071\/","title":{"rendered":"\u00ab\u00a0On est encore loin d\u2019\u00eatre \u00e0 100\u00a0%\u00a0\u00bb\u00a0: buteur face \u00e0 Rennes avec le Stade Brestois, Ludovic Ajorque lance sa pr\u00e9paration"},"content":{"rendered":"<p>Quel sentiment pr\u00e9domine apr\u00e8s cette victoire sur Rennes\u00a0?<\/p>\n<p>On est content parce qu\u2019on a bien travaill\u00e9 cette semaine en stage et on conclut ce stage avec un bon match, une victoire. M\u00eame si c\u2019est un match amical, c\u2019est toujours bien de gagner. On a essay\u00e9 de mettre en place ce qu\u2018on a travaill\u00e9 et \u00e7a a bien march\u00e9. On a r\u00e9p\u00e9t\u00e9 ce qu\u2019on a fait cette semaine et \u00e7a a bien march\u00e9.<\/p>\n<p>Vous avez fait mal sur des combinaisons int\u00e9ressantes. Elles ne se perdent donc pas en un mois de vacances\u2026<\/p>\n<p>C\u2018est quasiment la m\u00eame \u00e9quipe, \u00e0 part Junior (Diaz) qui est arriv\u00e9 et qui s\u2019est tr\u00e8s bien int\u00e9gr\u00e9. On sait comment on joue ensemble et on a d\u00e9j\u00e0 des automatismes. J\u2019esp\u00e8re qu\u2019on va continuer comme \u00e7a pour \u00eatre pr\u00eat pour le championnat.<\/p>\n<p>Comment vous sentez-vous physiquement apr\u00e8s cette semaine de stage \u00e0 Dinard\u00a0?<\/p>\n<p>On se sent bien. Apr\u00e8s, on est encore loin d\u2019\u00eatre \u00e0 100\u00a0%. Mais c\u2019est encourageant ce qu\u2019on a fait aujourd\u2019hui. On a bien travaill\u00e9 ensemble avec un bon bloc \u00e9quipe. Quand il fallait \u00eatre plus bas, on \u00e9tait plus bas.<\/p>\n<p>Comment appr\u00e9hendez-vous la suite de la pr\u00e9paration\u00a0?<\/p>\n<p>Il faut se pr\u00e9parer bien pour le prochain match face au Havre. Il y aura le match de Naples aussi. On les avait crois\u00e9s l\u2019ann\u00e9e derni\u00e8re aussi. C\u2019\u00e9tait assez plaisant parce que le stade est plein. C\u2019est toujours bien d\u2019aller en Italie et de jouer contre une grande \u00e9quipe qui a \u00e9t\u00e9 championne l\u2019ann\u00e9e derni\u00e8re en Serie A. On est contents de faire ce d\u00e9placement-l\u00e0 et de pouvoir jouer contre des \u00e9quipes comme \u00e7a.<\/p>\n","protected":false},"excerpt":{"rendered":"Quel sentiment pr\u00e9domine apr\u00e8s cette victoire sur Rennes\u00a0? On est content parce qu\u2019on a bien travaill\u00e9 cette semaine&hellip;\n","protected":false},"author":2,"featured_media":260072,"comment_status":"","ping_status":"","sticky":false,"template":"","format":"standard","meta":{"footnotes":""},"categories":[2821],"tags":[1111,11,3450,829,3166,1777,674,63,1011,27,66,12,584,25,60,4449],"class_list":{"0":"post-260071","1":"post","2":"type-post","3":"status-publish","4":"format-standard","5":"has-post-thumbnail","7":"category-rennes","8":"tag-actu","9":"tag-actualites","10":"tag-brest","11":"tag-bretagne","12":"tag-en-continu-sports","13":"tag-eu","14":"tag-europe","15":"tag-football","16":"tag-fr","17":"tag-france","18":"tag-ligue-1","19":"tag-news","20":"tag-rennes","21":"tag-republique-francaise","22":"tag-sports","23":"tag-stade-brestois"},"share_on_mastodon":{"url":"https:\/\/pubeurope.com\/@fr\/114883044498897473","error":""},"_links":{"self":[{"href":"https:\/\/www.europesays.com\/fr\/wp-json\/wp\/v2\/posts\/260071","targetHints":{"allow":["GET"]}}],"collection":[{"href":"https:\/\/www.europesays.com\/fr\/wp-json\/wp\/v2\/posts"}],"about":[{"href":"https:\/\/www.europesays.com\/fr\/wp-json\/wp\/v2\/types\/post"}],"author":[{"embeddable":true,"href":"https:\/\/www.europesays.com\/fr\/wp-json\/wp\/v2\/users\/2"}],"replies":[{"embeddable":true,"href":"https:\/\/www.europesays.com\/fr\/wp-json\/wp\/v2\/comments?post=260071"}],"version-history":[{"count":0,"href":"https:\/\/www.europesays.com\/fr\/wp-json\/wp\/v2\/posts\/260071\/revisions"}],"wp:featuredmedia":[{"embeddable":true,"href":"https:\/\/www.europesays.com\/fr\/wp-json\/wp\/v2\/media\/260072"}],"wp:attachment":[{"href":"https:\/\/www.europesays.com\/fr\/wp-json\/wp\/v2\/media?parent=260071"}],"wp:term":[{"taxonomy":"category","embeddable":true,"href":"https:\/\/www.europesays.com\/fr\/wp-json\/wp\/v2\/categories?post=260071"},{"taxonomy":"post_tag","embeddable":true,"href":"https:\/\/www.europesays.com\/fr\/wp-json\/wp\/v2\/tags?post=260071"}],"curies":[{"name":"wp","href":"https:\/\/api.w.org\/{rel}","templated":true}]}}