{"id":260073,"date":"2025-07-20T01:49:19","date_gmt":"2025-07-20T01:49:19","guid":{"rendered":"https:\/\/www.europesays.com\/fr\/260073\/"},"modified":"2025-07-20T01:49:19","modified_gmt":"2025-07-20T01:49:19","slug":"une-internationale-portugaise-rejoint-le-racing-alsasports","status":"publish","type":"post","link":"https:\/\/www.europesays.com\/fr\/260073\/","title":{"rendered":"Une internationale portugaise rejoint le Racing ! \u2014 Alsa&rsquo;Sports"},"content":{"rendered":"<p><strong>Au lendemain des signatures des attaquantes Ananee Yeboah et Eseosa Aigbogun, l\u2019internationale portugaise Bruna Louren\u00e7o s\u2019est engag\u00e9e ce vendredi au Racing Club de Strasbourg. <\/strong><\/p>\n<p>Nouvelle arriv\u00e9e chez les f\u00e9minines du Racing Club de Strasbourg. L\u2019internationale portugaise Bruna Louren\u00e7o a sign\u00e9 ce vendredi un contrat de deux ans. Originaire de Faro au sud du Portugal, la d\u00e9fenseure centrale est rep\u00e9r\u00e9e par le Sporting Lisbonne avec lequel elle a remport\u00e9 le championnat portugais en 2018, puis a termin\u00e9 vice-championne \u00e0 cinq reprises entre 2019 et 2023. <\/p>\n<p>Bruna Louren\u00e7o n\u2019a que 26 ans mais compte d\u00e9j\u00e0 sept matches de Ligue des champions avec le Celtic Glasgow, rejoint \u00e0 l\u2019\u00e9t\u00e9 2024, et une s\u00e9lection en \u00e9quipe du Portugal. Elle devient la premi\u00e8re joueuse du pays lusitanien \u00e0 porter les couleurs du Racing.<\/p>\n<p><strong>Deux attaquantes ont sign\u00e9 hier<\/strong><\/p>\n<p>Cette signature de la portugaise intervient au lendemain de l\u2019arriv\u00e9e de deux attaquantes : Ananee Yeboah et Eseosa Aigbogun. Ces trois venues tr\u00e8s r\u00e9centes font suite \u00e0 plusieurs mouvements dans ce mercato pour l\u2019\u00e9quipe alsacienne. En juin, onze joueuses prolongeaient leur contrat puis trois recrues \u00e9taient officialis\u00e9es (Manssita Traor\u00e9, Grace Kazadi et C\u00e9lia Bensalem). 14 autres joueuses avaient ensuite quitt\u00e9 le Racing \u00e0 l\u2019issue de leurs contrats le 30 juin 2025.<\/p>\n","protected":false},"excerpt":{"rendered":"Au lendemain des signatures des attaquantes Ananee Yeboah et Eseosa Aigbogun, l\u2019internationale portugaise Bruna Louren\u00e7o s\u2019est engag\u00e9e ce&hellip;\n","protected":false},"author":2,"featured_media":260074,"comment_status":"","ping_status":"","sticky":false,"template":"","format":"standard","meta":{"footnotes":""},"categories":[2820],"tags":[1111,11,1777,674,12300,63,1011,27,775,12,4448,25,640],"class_list":{"0":"post-260073","1":"post","2":"type-post","3":"status-publish","4":"format-standard","5":"has-post-thumbnail","7":"category-strasbourg","8":"tag-actu","9":"tag-actualites","10":"tag-eu","11":"tag-europe","12":"tag-feminines","13":"tag-football","14":"tag-fr","15":"tag-france","16":"tag-grand-est","17":"tag-news","18":"tag-rc-strasbourg","19":"tag-republique-francaise","20":"tag-strasbourg"},"share_on_mastodon":{"url":"https:\/\/pubeurope.com\/@fr\/114883052452917965","error":""},"_links":{"self":[{"href":"https:\/\/www.europesays.com\/fr\/wp-json\/wp\/v2\/posts\/260073","targetHints":{"allow":["GET"]}}],"collection":[{"href":"https:\/\/www.europesays.com\/fr\/wp-json\/wp\/v2\/posts"}],"about":[{"href":"https:\/\/www.europesays.com\/fr\/wp-json\/wp\/v2\/types\/post"}],"author":[{"embeddable":true,"href":"https:\/\/www.europesays.com\/fr\/wp-json\/wp\/v2\/users\/2"}],"replies":[{"embeddable":true,"href":"https:\/\/www.europesays.com\/fr\/wp-json\/wp\/v2\/comments?post=260073"}],"version-history":[{"count":0,"href":"https:\/\/www.europesays.com\/fr\/wp-json\/wp\/v2\/posts\/260073\/revisions"}],"wp:featuredmedia":[{"embeddable":true,"href":"https:\/\/www.europesays.com\/fr\/wp-json\/wp\/v2\/media\/260074"}],"wp:attachment":[{"href":"https:\/\/www.europesays.com\/fr\/wp-json\/wp\/v2\/media?parent=260073"}],"wp:term":[{"taxonomy":"category","embeddable":true,"href":"https:\/\/www.europesays.com\/fr\/wp-json\/wp\/v2\/categories?post=260073"},{"taxonomy":"post_tag","embeddable":true,"href":"https:\/\/www.europesays.com\/fr\/wp-json\/wp\/v2\/tags?post=260073"}],"curies":[{"name":"wp","href":"https:\/\/api.w.org\/{rel}","templated":true}]}}