{"id":260075,"date":"2025-07-20T01:50:14","date_gmt":"2025-07-20T01:50:14","guid":{"rendered":"https:\/\/www.europesays.com\/fr\/260075\/"},"modified":"2025-07-20T01:50:14","modified_gmt":"2025-07-20T01:50:14","slug":"cest-quoi-ce-nouveau-mini-musee-gratuit-sur-la-promenade-des-anglais-a-nice","status":"publish","type":"post","link":"https:\/\/www.europesays.com\/fr\/260075\/","title":{"rendered":"C\u2019est quoi ce nouveau mini-mus\u00e9e gratuit sur la promenade des Anglais \u00e0 Nice?"},"content":{"rendered":"<p>\u00ab\u00a0Merci les Turcs, merci Louis XIV!\u00a0\u00bb<\/p>\n<p>Le Centre Nice Patrimoine mondial, inaugur\u00e9 mercredi par le maire Christian Estrosi au 75, quai des \u00c9tats-Unis, est un espace d\u00e9di\u00e9 \u00e0 la valorisation et \u00e0 la pr\u00e9servation du patrimoine culturel et historique de Nice. Dans la droite ligne de <a href=\"https:\/\/www.nicematin.com\/culture\/nice-entre-au-patrimoine-mondial-de-l-unesco--704646\" target=\"_blank\" rel=\"noopener\">l\u2019inscription du centre-ville au patrimoine mondial de l\u2019Unesco<\/a>, sous l\u2019intitul\u00e9 \u00ab\u00a0Nice, la ville de la vill\u00e9giature d\u2019hiver de Riviera\u00a0\u00bb.<\/p>\n<p>Mais pourquoi le maire remercie-t-il les Turcs et le Roi Soleil? Car en 1706, ce dernier a fait raser le ch\u00e2teau apr\u00e8s une guerre contre le duc de Savoie \u2013 qui r\u00e9gnait \u00e0 l\u2019\u00e9poque sur la ville et le comt\u00e9. La citadelle avait surv\u00e9cu \u00e0 un premier si\u00e8ge franco-ottoman en 1543, puis \u00e0 un deuxi\u00e8me franco-fran\u00e7ais en 1691\u2026 Le troisi\u00e8me, en 1705, \u00e9tait de trop: pour \u00e9viter que l\u2019histoire se r\u00e9p\u00e8te, Louis XIV a ordonn\u00e9 la destruction des fortifications, faisant de Nice \u00ab\u00a0la seule ville non fortifi\u00e9e de la M\u00e9diterran\u00e9e\u00a0\u00bb, poursuit Christian Estrosi. Une cit\u00e9 pacifi\u00e9e: une aubaine pour le tourisme d\u2019hiver qui allait se d\u00e9velopper au si\u00e8cle suivant.<\/p>\n<p>Gratuit, ouvert de 10h \u00e0 17h<\/p>\n<p>              <img ci-src=\"https:\/\/www.nicematin.com\/vie-locale\/protec\/DATA_ART_15907018-9ScdNDyS.jpg?vh=f8cd88&amp;ci_seal=559184b74c\" alt=\"\"\/><br \/>\n        L\u2019histoire de la ville est retrac\u00e9e dans ses grandes dates. <strong>Photo Ro. B..<\/strong> <\/p>\n<p>\u00c0 l\u2019int\u00e9rieur de ce mini-mus\u00e9e gratuit, ouvert de 10h \u00e0 17h du lundi au vendredi, des explications sur la richesse du patrimoine ni\u00e7ois quartier par quartier, v\u00e9ritable melting-pot architectural o\u00f9 les riches hivernants faisaient construire des villas au gr\u00e9 de leurs envies les plus folles. Allant du n\u00e9oclassicisme \u00e0 l\u2019Art D\u00e9co, en passant par le fameux ch\u00e2teau de l\u2019Anglais sur le mont Boron, d\u2019inspiration n\u00e9o-moghole, qualifi\u00e9 par certains d\u2019exotique fantaisie.<\/p>\n<p>Pour les passionn\u00e9s d\u2019histoire et d\u2019architecture, pour d\u00e9couvrir comment Nice est devenue cette capitale de la vill\u00e9giature d\u2019hiver, ou pour simplement comprendre pourquoi la cit\u00e9 a \u00e9t\u00e9 inscrite au patrimoine mondial de l\u2019Unesco, ce \u00ab\u00a0Centre Nice patrimoine mondial\u00a0\u00bb vaut le coup d\u2019\u0153il. Touristes comme Ni\u00e7ois y (re)d\u00e9couvrent des p\u00e9pites patrimoniales.<\/p>\n<p>Enfin, un film d\u2019une dizaine de minutes est projet\u00e9 sur une maquette en relief, permettant de mieux appr\u00e9hender le d\u00e9veloppement des diff\u00e9rents quartiers au fil des ann\u00e9es, au gr\u00e9 des hivernants.<\/p>\n","protected":false},"excerpt":{"rendered":"\u00ab\u00a0Merci les Turcs, merci Louis XIV!\u00a0\u00bb Le Centre Nice Patrimoine mondial, inaugur\u00e9 mercredi par le maire Christian Estrosi&hellip;\n","protected":false},"author":2,"featured_media":260076,"comment_status":"","ping_status":"","sticky":false,"template":"","format":"standard","meta":{"footnotes":""},"categories":[2819],"tags":[1111,11,1777,674,1011,27,12,2401,882,25,3366],"class_list":{"0":"post-260075","1":"post","2":"type-post","3":"status-publish","4":"format-standard","5":"has-post-thumbnail","7":"category-nice","8":"tag-actu","9":"tag-actualites","10":"tag-eu","11":"tag-europe","12":"tag-fr","13":"tag-france","14":"tag-news","15":"tag-nice","16":"tag-provence-alpes-cote-dazur","17":"tag-republique-francaise","18":"tag-vie-locale"},"share_on_mastodon":{"url":"https:\/\/pubeurope.com\/@fr\/114883056288393174","error":""},"_links":{"self":[{"href":"https:\/\/www.europesays.com\/fr\/wp-json\/wp\/v2\/posts\/260075","targetHints":{"allow":["GET"]}}],"collection":[{"href":"https:\/\/www.europesays.com\/fr\/wp-json\/wp\/v2\/posts"}],"about":[{"href":"https:\/\/www.europesays.com\/fr\/wp-json\/wp\/v2\/types\/post"}],"author":[{"embeddable":true,"href":"https:\/\/www.europesays.com\/fr\/wp-json\/wp\/v2\/users\/2"}],"replies":[{"embeddable":true,"href":"https:\/\/www.europesays.com\/fr\/wp-json\/wp\/v2\/comments?post=260075"}],"version-history":[{"count":0,"href":"https:\/\/www.europesays.com\/fr\/wp-json\/wp\/v2\/posts\/260075\/revisions"}],"wp:featuredmedia":[{"embeddable":true,"href":"https:\/\/www.europesays.com\/fr\/wp-json\/wp\/v2\/media\/260076"}],"wp:attachment":[{"href":"https:\/\/www.europesays.com\/fr\/wp-json\/wp\/v2\/media?parent=260075"}],"wp:term":[{"taxonomy":"category","embeddable":true,"href":"https:\/\/www.europesays.com\/fr\/wp-json\/wp\/v2\/categories?post=260075"},{"taxonomy":"post_tag","embeddable":true,"href":"https:\/\/www.europesays.com\/fr\/wp-json\/wp\/v2\/tags?post=260075"}],"curies":[{"name":"wp","href":"https:\/\/api.w.org\/{rel}","templated":true}]}}