{"id":260078,"date":"2025-07-20T01:53:10","date_gmt":"2025-07-20T01:53:10","guid":{"rendered":"https:\/\/www.europesays.com\/fr\/260078\/"},"modified":"2025-07-20T01:53:10","modified_gmt":"2025-07-20T01:53:10","slug":"fc-nantes-un-titulaire-se-sert-de-castro-pour-taper-sur-kombouare","status":"publish","type":"post","link":"https:\/\/www.europesays.com\/fr\/260078\/","title":{"rendered":"FC Nantes : un titulaire se sert de Castro pour taper sur Kombouar\u00e9\u00a0"},"content":{"rendered":"<p><strong>Titulaire pour la premi\u00e8re de Luis Castro face \u00e0 Laval (2-0), Nicolas Cozza (26 ans) n\u2019a pas tard\u00e9 \u00e0 lancer une petite pique \u00e0 son ancien entra\u00eeneur Antoine Kombouar\u00e9.<\/strong><\/p>\n<p>Le <a href=\"https:\/\/www.butfootballclub.fr\/fc-nantes-mercato-un-international-sud-coreen-sur-les-tablettes\/\" rel=\"nofollow noopener\" target=\"_blank\">FC Nantes<\/a> a sign\u00e9 un match encourageant samedi contre Laval (2-0), et certains joueurs n\u2019ont pas tard\u00e9 \u00e0 faire entendre leur satisfaction. Interrog\u00e9 apr\u00e8s la rencontre, Nicolas Cozza n\u2019a pas seulement salu\u00e9 la prestation collective. Il en a profit\u00e9 pour souligner \u2013 non sans malice \u2013 le changement de philosophie instaur\u00e9 par Lu\u00eds Castro, tout en glissant une critique voil\u00e9e \u00e0 l\u2019\u00e9gard de l\u2019ancien coach, Antoine Kombouar\u00e9.<\/p>\n<p>\u00ab Dans le jeu, on a montr\u00e9 des choses beaucoup plus travaill\u00e9es : de bonnes ressorties de balle, de la possession\u2026 \u00bb, a lanc\u00e9 le d\u00e9fenseur du<a href=\"https:\/\/www.butfootballclub.fr\/fc-nantes-mercato-nathan-zeze-a-tranche-pour-son-avenir\/\" rel=\"nofollow noopener\" target=\"_blank\"> FC Nantes<\/a>, visiblement s\u00e9duit par les intentions de jeu affich\u00e9es lors de cette rencontre amicale. Face \u00e0 Laval, les Canaris ont effectivement propos\u00e9 davantage de s\u00e9quences construites, loin des transitions rapides et approximatives qui ont longtemps rythm\u00e9 leur jeu.<\/p>\n<p>\u00ab Jouer au football, \u00e7a fait du bien \u00bb<\/p>\n<p>\u00ab C\u2019est ce que le coach nous demande au quotidien : jouer au ballon, avoir la possession, essayer de trouver des d\u00e9calages sur les c\u00f4t\u00e9s en fixant avec les axiaux\u2026 c\u2019est un bon d\u00e9but\u00a0\u00bb, a-t-il poursuivi. Un \u00ab bon d\u00e9but \u00bb qui tranche avec ce qu\u2019a connu Cozza la saison derni\u00e8re, sous un Kombouar\u00e9 adepte d\u2019un football plus vertical. Et le joueur ne s\u2019en cache pas : \u00ab Ce sont des choses qu\u2019on a travaill\u00e9es \u00e0 la formation. Donc c\u2019est bien de retrouver ces bases-l\u00e0. Jouer au football, \u00e7a fait du bien. \u00bb<\/p>\n<p>Une d\u00e9claration claire qui en dit long sur l\u2019\u00e9tat d\u2019esprit du vestiaire. Le match contre Laval n\u2019a peut-\u00eatre pas tout montr\u00e9, mais il a suffi \u00e0 faire na\u00eetre une forme d\u2019enthousiasme. Chez les supporters comme chez les joueurs, l\u2019espoir rena\u00eet : celui de voir enfin un <a href=\"https:\/\/www.butfootballclub.fr\/fc-nantes-mercato-un-international-croate-pour-remplacer-simon-et-chirivella\/\" rel=\"nofollow noopener\" target=\"_blank\">FC Nantes<\/a> jouer, dominer, cr\u00e9er. Pour Cozza, en tout cas, le message est limpide.<\/p>\n","protected":false},"excerpt":{"rendered":"Titulaire pour la premi\u00e8re de Luis Castro face \u00e0 Laval (2-0), Nicolas Cozza (26 ans) n\u2019a pas tard\u00e9&hellip;\n","protected":false},"author":2,"featured_media":260079,"comment_status":"","ping_status":"","sticky":false,"template":"","format":"standard","meta":{"footnotes":""},"categories":[2818],"tags":[1111,11,448,1777,674,63,1011,27,66,3388,766,12,2636,25,10662],"class_list":{"0":"post-260078","1":"post","2":"type-post","3":"status-publish","4":"format-standard","5":"has-post-thumbnail","7":"category-nantes","8":"tag-actu","9":"tag-actualites","10":"tag-champions-league","11":"tag-eu","12":"tag-europe","13":"tag-football","14":"tag-fr","15":"tag-france","16":"tag-ligue-1","17":"tag-matchs","18":"tag-nantes","19":"tag-news","20":"tag-pays-de-la-loire","21":"tag-republique-francaise","22":"tag-transferts"},"share_on_mastodon":{"url":"https:\/\/pubeurope.com\/@fr\/114883068124081997","error":""},"_links":{"self":[{"href":"https:\/\/www.europesays.com\/fr\/wp-json\/wp\/v2\/posts\/260078","targetHints":{"allow":["GET"]}}],"collection":[{"href":"https:\/\/www.europesays.com\/fr\/wp-json\/wp\/v2\/posts"}],"about":[{"href":"https:\/\/www.europesays.com\/fr\/wp-json\/wp\/v2\/types\/post"}],"author":[{"embeddable":true,"href":"https:\/\/www.europesays.com\/fr\/wp-json\/wp\/v2\/users\/2"}],"replies":[{"embeddable":true,"href":"https:\/\/www.europesays.com\/fr\/wp-json\/wp\/v2\/comments?post=260078"}],"version-history":[{"count":0,"href":"https:\/\/www.europesays.com\/fr\/wp-json\/wp\/v2\/posts\/260078\/revisions"}],"wp:featuredmedia":[{"embeddable":true,"href":"https:\/\/www.europesays.com\/fr\/wp-json\/wp\/v2\/media\/260079"}],"wp:attachment":[{"href":"https:\/\/www.europesays.com\/fr\/wp-json\/wp\/v2\/media?parent=260078"}],"wp:term":[{"taxonomy":"category","embeddable":true,"href":"https:\/\/www.europesays.com\/fr\/wp-json\/wp\/v2\/categories?post=260078"},{"taxonomy":"post_tag","embeddable":true,"href":"https:\/\/www.europesays.com\/fr\/wp-json\/wp\/v2\/tags?post=260078"}],"curies":[{"name":"wp","href":"https:\/\/api.w.org\/{rel}","templated":true}]}}