{"id":26008,"date":"2025-04-15T06:11:17","date_gmt":"2025-04-15T06:11:17","guid":{"rendered":"https:\/\/www.europesays.com\/fr\/26008\/"},"modified":"2025-04-15T06:11:17","modified_gmt":"2025-04-15T06:11:17","slug":"un-ado-de-15-ans-meurt-apres-une-chute-de-50-m-dans-une-ancienne-carriere-en-ille-et-vilaine","status":"publish","type":"post","link":"https:\/\/www.europesays.com\/fr\/26008\/","title":{"rendered":"Un ado de 15\u00a0ans meurt apr\u00e8s une chute de 50\u00a0m dans une ancienne carri\u00e8re en Ille-et-Vilaine"},"content":{"rendered":"<tr wp_automatic_readability=\"5.8875\">\n<td valign=\"middle\" align=\"center\" class=\"col-logo\" wp_automatic_readability=\"5\">\n    <img decoding=\"async\" src=\"https:\/\/www.europesays.com\/fr\/wp-content\/uploads\/2025\/04\/logo-of-monetise.svg\" alt=\"logo Ouest-France\" height=\"66\"\/><\/p>\n<p>Contenu r\u00e9serv\u00e9 aux abonn\u00e9s<\/p>\n<\/td>\n<td class=\"col-titre\">\n\t\t\tDimanche 13 avril 2025 17:50<br \/>\n\t\t\t<a class=\"icon-bulle sizeL count\" href=\"#ancreAvis\"><br \/>\n\t&#8230;<br \/>\n<\/a><\/td>\n<\/tr>\n<p>\t\t<a class=\"mavillebox2 elmt-photo\" href=\"https:\/\/maville.com\/photosmvi\/2025\/04\/13\/P35168355D6763462G.jpg\" title=\" Les pompiers ont d\u00e9ploy\u00e9 d\u2019importants moyens terrestres et nautiques, afin de rep\u00eacher le jeune homme. Un h\u00e9licopt\u00e8re du Samu a aussi \u00e9t\u00e9 appel\u00e9. Pendant une heure ensuite, les secours ont tent\u00e9 de le r\u00e9animer, en vain.  \u00a9  Ouest-France  &lt;!--TAG-BLC credit--&gt;\" rel=\"galerie_actu noopener\" target=\"_blank\"><br \/>\n\t<img decoding=\"async\" src=\"https:\/\/www.europesays.com\/fr\/wp-content\/uploads\/2025\/04\/P35168355D6763462G_crop_640-330_.jpg\" alt=\"photo  les pompiers ont d\u00e9ploy\u00e9 d\u2019importants moyens terrestres et nautiques, afin de rep\u00eacher le jeune homme. un h\u00e9licopt\u00e8re du samu a aussi \u00e9t\u00e9 appel\u00e9. pendant une heure ensuite, les secours ont tent\u00e9 de le r\u00e9animer, en vain.  \u00a9  ouest-france \"\/><br \/>\n\t2<br \/>\n<\/a><\/p>\n<p class=\"elmt-legende\"> Les pompiers ont d\u00e9ploy\u00e9 d\u2019importants moyens terrestres et nautiques, afin de rep\u00eacher le jeune homme. Un h\u00e9licopt\u00e8re du Samu a aussi \u00e9t\u00e9 appel\u00e9. Pendant une heure ensuite, les secours ont tent\u00e9 de le r\u00e9animer, en vain.  \u00a9  Ouest-France  <\/p>\n<p><a class=\"mavillebox2\" href=\"https:\/\/maville.com\/photosmvi\/2025\/04\/13\/P35168356D6763462G.jpg\" title=\"le site du clos-pointu, \u00e0 saint-malo-de-phily, abrite une ancienne carri\u00e8re de gr\u00e8s, aujourd\u2019hui combl\u00e9e par un plan d\u2019eau. \u00a9  ouest-france \" rel=\"galerie_actu noopener\" target=\"_blank\"><\/p>\n<p>\t\tUn nouveau drame s\u2019est produit dans l\u2019ancienne carri\u00e8re de Saint-Malo-de-Phily (Ille-et-Vilaine), dimanche 13\u00a0avril 2025. Un jeune de 15\u00a0ans a chut\u00e9 de plusieurs dizaines de m\u00e8tres dans le plan d\u2019eau, depuis le haut de la falaise o\u00f9 il se trouvait avec des amis. Il a \u00e9t\u00e9 rep\u00each\u00e9 par les pompiers, qui ont tent\u00e9 de le r\u00e9animer, en vain.<\/p>\n<p><b>Cet article est r\u00e9serv\u00e9 aux abonn\u00e9s<\/b><\/p>\n<p>Pour un acc\u00e8s imm\u00e9diat, abonnez-vous<\/p>\n<p><b>1\u00e8re semaine offerte<\/b><\/p>\n<p>\t\t Alexandre ST\u00c9PHANT et Hugo HUAUM\u00c9. \u00a0\u00a0<br \/>\n\t\tOuest-France<\/p>\n<p>Retrouvez d&rsquo;autres actus sur les communes de :<\/p>\n<p>\t\t&#13;<\/p>\n","protected":false},"excerpt":{"rendered":"Contenu r\u00e9serv\u00e9 aux abonn\u00e9s Dimanche 13 avril 2025 17:50 &#8230; 2 Les pompiers ont d\u00e9ploy\u00e9 d\u2019importants moyens terrestres&hellip;\n","protected":false},"author":2,"featured_media":26009,"comment_status":"","ping_status":"","sticky":false,"template":"","format":"standard","meta":{"footnotes":""},"categories":[2821],"tags":[9284,9285,1111,11,7366,8108,1764,829,1282,837,1777,674,1011,27,848,5479,12,3086,584,25],"class_list":{"0":"post-26008","1":"post","2":"type-post","3":"status-publish","4":"format-standard","5":"has-post-thumbnail","7":"category-rennes","8":"tag-9284","9":"tag-9285","10":"tag-actu","11":"tag-actualites","12":"tag-ado","13":"tag-ancienne","14":"tag-ans","15":"tag-bretagne","16":"tag-carriere","17":"tag-chute","18":"tag-eu","19":"tag-europe","20":"tag-fr","21":"tag-france","22":"tag-ille-et-vilaine","23":"tag-meurt","24":"tag-news","25":"tag-redon","26":"tag-rennes","27":"tag-republique-francaise"},"share_on_mastodon":{"url":"https:\/\/pubeurope.com\/@fr\/114340500934114258","error":""},"_links":{"self":[{"href":"https:\/\/www.europesays.com\/fr\/wp-json\/wp\/v2\/posts\/26008","targetHints":{"allow":["GET"]}}],"collection":[{"href":"https:\/\/www.europesays.com\/fr\/wp-json\/wp\/v2\/posts"}],"about":[{"href":"https:\/\/www.europesays.com\/fr\/wp-json\/wp\/v2\/types\/post"}],"author":[{"embeddable":true,"href":"https:\/\/www.europesays.com\/fr\/wp-json\/wp\/v2\/users\/2"}],"replies":[{"embeddable":true,"href":"https:\/\/www.europesays.com\/fr\/wp-json\/wp\/v2\/comments?post=26008"}],"version-history":[{"count":0,"href":"https:\/\/www.europesays.com\/fr\/wp-json\/wp\/v2\/posts\/26008\/revisions"}],"wp:featuredmedia":[{"embeddable":true,"href":"https:\/\/www.europesays.com\/fr\/wp-json\/wp\/v2\/media\/26009"}],"wp:attachment":[{"href":"https:\/\/www.europesays.com\/fr\/wp-json\/wp\/v2\/media?parent=26008"}],"wp:term":[{"taxonomy":"category","embeddable":true,"href":"https:\/\/www.europesays.com\/fr\/wp-json\/wp\/v2\/categories?post=26008"},{"taxonomy":"post_tag","embeddable":true,"href":"https:\/\/www.europesays.com\/fr\/wp-json\/wp\/v2\/tags?post=26008"}],"curies":[{"name":"wp","href":"https:\/\/api.w.org\/{rel}","templated":true}]}}