{"id":260088,"date":"2025-07-20T01:59:46","date_gmt":"2025-07-20T01:59:46","guid":{"rendered":"https:\/\/www.europesays.com\/fr\/260088\/"},"modified":"2025-07-20T01:59:46","modified_gmt":"2025-07-20T01:59:46","slug":"mercato-lille-veut-prolonger-benjamin-andre-toujours-vise-par-le-paris-fc-qui-attend-otavio","status":"publish","type":"post","link":"https:\/\/www.europesays.com\/fr\/260088\/","title":{"rendered":"Mercato\u00a0: Lille veut prolonger Benjamin Andr\u00e9, toujours vis\u00e9 par le Paris FC qui attend Otavio"},"content":{"rendered":"<p class=\"paragraph text_align_left lp-f-body-02\">C\u2019est un feuilleton qui dure depuis plusieurs semaines. <a href=\"https:\/\/www.leparisien.fr\/sports\/football\/ligue-1\/mercato-paris-fc-ca-avance-avec-le-defenseur-bresilien-otavio-benjamin-andre-toujours-dans-le-viseur-07-07-2025-6AGPPV6CYFEA7HXD6JC7BVBNPE.php\" target=\"_blank\" rel=\"nofollow noopener\">Approch\u00e9 par le Paris FC<\/a> qui l\u2019a identifi\u00e9 comme la priorit\u00e9 au milieu de terrain, Benjamin Andr\u00e9 n\u2019est pas insensible \u00e0 l\u2019approche du club parisien avec lequel il s\u2019est d\u00e9j\u00e0 mis d\u2019accord sur un contrat de trois ans. Sauf que Lille ne souhaite pas le voir partir cet \u00e9t\u00e9.<\/p>\n<p class=\"paragraph text_align_left lp-f-body-02\">Comme annonc\u00e9 par L\u2019\u00c9quipe, nous pouvons confirmer qu\u2019Olivier L\u00e9tang, le pr\u00e9sident des Dogues, a r\u00e9cemment soumis une offre de prolongation de deux ans \u00e0 son capitaine, ce qui lierait l\u2019ancien Rennais aux Lillois jusqu\u2019en juin 2028. Benjamin Andr\u00e9 se retrouve donc avec une offre similaire \u00e0 ce que lui propose le Paris FC, qui n\u2019a pas surench\u00e9ri aupr\u00e8s de Lille depuis sa <a href=\"https:\/\/www.leparisien.fr\/sports\/football\/ligue-1\/mercato-paris-fc-une-deuxieme-offre-transmise-pour-benjamin-andre-qui-na-pas-joue-en-amical-avec-lille-13-07-2025-AXYISURO4NDN3CQN5KBGYAYUNY.php\" target=\"_self\" rel=\"nofollow noopener\">deuxi\u00e8me offre (3M\u20ac) repouss\u00e9e <\/a>la semaine derni\u00e8re.<\/p>\n<p>Otavio en approche<\/p>\n<p class=\"paragraph text_align_left lp-f-body-02\">Le promu francilien a enfin d\u00e9bloqu\u00e9 les choses, en revanche, pour la signature du d\u00e9fenseur central br\u00e9silien Otavio (23 ans). En n\u00e9gociations actives avec Paris, le gaucher de Porto est attendu en cette fin de semaine pour passer sa visite m\u00e9dicale, selon nos informations.<\/p>\n","protected":false},"excerpt":{"rendered":"C\u2019est un feuilleton qui dure depuis plusieurs semaines. Approch\u00e9 par le Paris FC qui l\u2019a identifi\u00e9 comme la&hellip;\n","protected":false},"author":2,"featured_media":260089,"comment_status":"","ping_status":"","sticky":false,"template":"","format":"standard","meta":{"footnotes":""},"categories":[2815],"tags":[1111,11,1777,674,63,1011,27,811,66,1307,12,25,60],"class_list":{"0":"post-260088","1":"post","2":"type-post","3":"status-publish","4":"format-standard","5":"has-post-thumbnail","7":"category-lille","8":"tag-actu","9":"tag-actualites","10":"tag-eu","11":"tag-europe","12":"tag-football","13":"tag-fr","14":"tag-france","15":"tag-hauts-de-france","16":"tag-ligue-1","17":"tag-lille","18":"tag-news","19":"tag-republique-francaise","20":"tag-sports"},"share_on_mastodon":{"url":"https:\/\/pubeurope.com\/@fr\/114883095534574190","error":""},"_links":{"self":[{"href":"https:\/\/www.europesays.com\/fr\/wp-json\/wp\/v2\/posts\/260088","targetHints":{"allow":["GET"]}}],"collection":[{"href":"https:\/\/www.europesays.com\/fr\/wp-json\/wp\/v2\/posts"}],"about":[{"href":"https:\/\/www.europesays.com\/fr\/wp-json\/wp\/v2\/types\/post"}],"author":[{"embeddable":true,"href":"https:\/\/www.europesays.com\/fr\/wp-json\/wp\/v2\/users\/2"}],"replies":[{"embeddable":true,"href":"https:\/\/www.europesays.com\/fr\/wp-json\/wp\/v2\/comments?post=260088"}],"version-history":[{"count":0,"href":"https:\/\/www.europesays.com\/fr\/wp-json\/wp\/v2\/posts\/260088\/revisions"}],"wp:featuredmedia":[{"embeddable":true,"href":"https:\/\/www.europesays.com\/fr\/wp-json\/wp\/v2\/media\/260089"}],"wp:attachment":[{"href":"https:\/\/www.europesays.com\/fr\/wp-json\/wp\/v2\/media?parent=260088"}],"wp:term":[{"taxonomy":"category","embeddable":true,"href":"https:\/\/www.europesays.com\/fr\/wp-json\/wp\/v2\/categories?post=260088"},{"taxonomy":"post_tag","embeddable":true,"href":"https:\/\/www.europesays.com\/fr\/wp-json\/wp\/v2\/tags?post=260088"}],"curies":[{"name":"wp","href":"https:\/\/api.w.org\/{rel}","templated":true}]}}