{"id":260090,"date":"2025-07-20T02:00:20","date_gmt":"2025-07-20T02:00:20","guid":{"rendered":"https:\/\/www.europesays.com\/fr\/260090\/"},"modified":"2025-07-20T02:00:20","modified_gmt":"2025-07-20T02:00:20","slug":"cest-important-de-preserver-une-beaute-de-resistance-et-de-survie","status":"publish","type":"post","link":"https:\/\/www.europesays.com\/fr\/260090\/","title":{"rendered":"C&rsquo;est important de pr\u00e9server une beaut\u00e9 de r\u00e9sistance et de survie"},"content":{"rendered":"<p>La Corse, il la chante, il la revendique. Depuis ses d\u00e9buts dans les ann\u00e9es\u00a01970, le groupe<a href=\"https:\/\/www.laprovence.com\/article\/sortie-loisirs\/5021246840291\/marseille-i-muvrini-chants-dhumanite-au-silo\" target=\"_blank\" rel=\"noopener\">\u00a0I Muvrini <\/a>port\u00e9 essentiellement par les voix des fr\u00e8res Jean-Fran\u00e7ois et Alain Bernardini, s\u2019est consacr\u00e9 aux chants traditionnels. De tout temps, ces \u00e9tendards des polyphonies corses, au parcours sans fausses notes, n\u2019ont eu de cesse de se r\u00e9inventer pour mieux exister. Pour<a href=\"https:\/\/www.laprovence.com\/article\/culture-loisirs\/53231389550896\/worakls-lucky-love-la-horde-i-muvrini-hatik-joueront-sur-le-vieux-port-du-4-juillet-au-3-aout\" target=\"_blank\" rel=\"noopener\"> la 6e \u00e9dition de l\u2019\u00c9t\u00e9 Marseillais<\/a>, donc, les chanteurs seront sur le Vieux-Port de Marseille ce dimanche 20\u00a0juillet. Un concert qui permet de revisiter les pages d\u2019un r\u00e9pertoire impressionnant. Et l\u2019occasion r\u00eav\u00e9e, une nouvelle fois, \u00ab\u00a0de m\u00e9langer les publics autour des diversit\u00e9s culturelles\u00a0\u00bb, explique Jean-Fran\u00e7ois Bernardini.<\/p>\n<p><strong>Le groupe I Muvrini semble avoir une vitalit\u00e9 et un app\u00e9tit intacts malgr\u00e9 la lourdeur, dites-vous, de l\u2019\u00e9poque, et le recul des identit\u00e9s culturelles\u2026<\/strong>&#13;\n<\/p>\n<p>Il y a, \u00e0 la fois, un recul de la biodiversit\u00e9 et de la diversit\u00e9 socioculturelle. Le savoir, les langues, les traditions, les usages disparaissent peu \u00e0 peu. Nous sommes dans une grande pand\u00e9mie de monoculture. C\u2019est important de pr\u00e9server une beaut\u00e9 de r\u00e9sistance et de survie, contre un certain effacement. D\u00e9j\u00e0 en son temps, le po\u00e8te italien Pier Paolo Pasolini parlait du grand effacement des cultures. Un grand g\u00e9nocide se pr\u00e9pare par uniformisation. Et nous sommes l\u00e0 pour nous y opposer.<\/p>\n<p><strong>Vous \u00e9voquez des langues r\u00e9gionales qui ont \u00e9t\u00e9, selon vous, moqu\u00e9es\u00a0?<\/strong>&#13;\n<\/p>\n<p>Nous avons, nous, comme d\u2019autres, r\u00e9ussi \u00e0 sortir ces langues des tiroirs et de la diminution capitale qu\u2019on leur inflige. Les mettre dans le c\u0153ur et les oreilles de milliers de gens aujourd\u2019hui, cela reste encore pour moi, inattendu et inesp\u00e9r\u00e9. Jamais, je n\u2019aurais cru \u00e7a. Dans toutes les villes o\u00f9 nous allons, la diversit\u00e9, elle est dans l\u2019ADN de tous les citoyens du monde. Ne l\u2019oublions pas.<\/p>\n","protected":false},"excerpt":{"rendered":"La Corse, il la chante, il la revendique. Depuis ses d\u00e9buts dans les ann\u00e9es\u00a01970, le groupe\u00a0I Muvrini port\u00e9&hellip;\n","protected":false},"author":2,"featured_media":260091,"comment_status":"","ping_status":"","sticky":false,"template":"","format":"standard","meta":{"footnotes":""},"categories":[2814],"tags":[17,1111,11,2511,251,6664,1777,674,1011,27,12699,884,40014,12,17909,882,25,96],"class_list":{"0":"post-260090","1":"post","2":"type-post","3":"status-publish","4":"format-standard","5":"has-post-thumbnail","7":"category-marseille","8":"tag-17","9":"tag-actu","10":"tag-actualites","11":"tag-cest","12":"tag-culture","13":"tag-dimanche","14":"tag-eu","15":"tag-europe","16":"tag-fr","17":"tag-france","18":"tag-important","19":"tag-marseille","20":"tag-muvrini","21":"tag-news","22":"tag-preserver","23":"tag-provence-alpes-cote-dazur","24":"tag-republique-francaise","25":"tag-une"},"share_on_mastodon":{"url":"https:\/\/pubeurope.com\/@fr\/114883095590120632","error":""},"_links":{"self":[{"href":"https:\/\/www.europesays.com\/fr\/wp-json\/wp\/v2\/posts\/260090","targetHints":{"allow":["GET"]}}],"collection":[{"href":"https:\/\/www.europesays.com\/fr\/wp-json\/wp\/v2\/posts"}],"about":[{"href":"https:\/\/www.europesays.com\/fr\/wp-json\/wp\/v2\/types\/post"}],"author":[{"embeddable":true,"href":"https:\/\/www.europesays.com\/fr\/wp-json\/wp\/v2\/users\/2"}],"replies":[{"embeddable":true,"href":"https:\/\/www.europesays.com\/fr\/wp-json\/wp\/v2\/comments?post=260090"}],"version-history":[{"count":0,"href":"https:\/\/www.europesays.com\/fr\/wp-json\/wp\/v2\/posts\/260090\/revisions"}],"wp:featuredmedia":[{"embeddable":true,"href":"https:\/\/www.europesays.com\/fr\/wp-json\/wp\/v2\/media\/260091"}],"wp:attachment":[{"href":"https:\/\/www.europesays.com\/fr\/wp-json\/wp\/v2\/media?parent=260090"}],"wp:term":[{"taxonomy":"category","embeddable":true,"href":"https:\/\/www.europesays.com\/fr\/wp-json\/wp\/v2\/categories?post=260090"},{"taxonomy":"post_tag","embeddable":true,"href":"https:\/\/www.europesays.com\/fr\/wp-json\/wp\/v2\/tags?post=260090"}],"curies":[{"name":"wp","href":"https:\/\/api.w.org\/{rel}","templated":true}]}}