{"id":260100,"date":"2025-07-20T02:06:18","date_gmt":"2025-07-20T02:06:18","guid":{"rendered":"https:\/\/www.europesays.com\/fr\/260100\/"},"modified":"2025-07-20T02:06:18","modified_gmt":"2025-07-20T02:06:18","slug":"lollapalooza-2025-dans-loeil-des-spectateurs-etrangers-on-na-pas-de-festivals-comme-ca-chez-nous","status":"publish","type":"post","link":"https:\/\/www.europesays.com\/fr\/260100\/","title":{"rendered":"Lollapalooza 2025 dans l\u2019\u0153il des spectateurs \u00e9trangers\u00a0: \u00ab\u00a0On n\u2019a pas de festivals comme \u00e7a chez nous\u00a0\u00bb"},"content":{"rendered":"<p class=\"paragraph text_align_left lp-f-body-02\">\u00c0 l\u2019heure o\u00f9 ils se ruent d\u2019ordinaire dans les pubs, des centaines d\u2019Anglais s\u2019\u00e9gosillent avec leur nouvelle star, qui donne son troisi\u00e8me concert \u00e0 Paris en cinq mois. Warren, 25 ans, a carr\u00e9ment fait le voyage de Bristol pour ne pas rater sa date parisienne. \u00ab Je n\u2019ai pas r\u00e9ussi \u00e0 avoir de place dans ma ville et encore moins \u00e0 Londres, explique ce jeune informaticien. Alors j\u2019ai profit\u00e9 d\u2019une semaine de vacances. Je reste deux jours, j\u2019ai tr\u00e8s envie aussi de voir ce samedi Finneas et Macklemore. \u00bb<\/p>\n","protected":false},"excerpt":{"rendered":"\u00c0 l\u2019heure o\u00f9 ils se ruent d\u2019ordinaire dans les pubs, des centaines d\u2019Anglais s\u2019\u00e9gosillent avec leur nouvelle star,&hellip;\n","protected":false},"author":2,"featured_media":260101,"comment_status":"","ping_status":"","sticky":false,"template":"","format":"standard","meta":{"footnotes":""},"categories":[1888],"tags":[1111,1928,11,1927,872,1777,674,1011,27,873,12,1926,626,1925,25],"class_list":{"0":"post-260100","1":"post","2":"type-post","3":"status-publish","4":"format-standard","5":"has-post-thumbnail","7":"category-paris","8":"tag-actu","9":"tag-actu-paris","10":"tag-actualites","11":"tag-actualites-paris","12":"tag-culture-et-loisirs","13":"tag-eu","14":"tag-europe","15":"tag-fr","16":"tag-france","17":"tag-musique","18":"tag-news","19":"tag-news-paris","20":"tag-paris","21":"tag-paris-news","22":"tag-republique-francaise"},"share_on_mastodon":{"url":"https:\/\/pubeurope.com\/@fr\/114883119486995075","error":""},"_links":{"self":[{"href":"https:\/\/www.europesays.com\/fr\/wp-json\/wp\/v2\/posts\/260100","targetHints":{"allow":["GET"]}}],"collection":[{"href":"https:\/\/www.europesays.com\/fr\/wp-json\/wp\/v2\/posts"}],"about":[{"href":"https:\/\/www.europesays.com\/fr\/wp-json\/wp\/v2\/types\/post"}],"author":[{"embeddable":true,"href":"https:\/\/www.europesays.com\/fr\/wp-json\/wp\/v2\/users\/2"}],"replies":[{"embeddable":true,"href":"https:\/\/www.europesays.com\/fr\/wp-json\/wp\/v2\/comments?post=260100"}],"version-history":[{"count":0,"href":"https:\/\/www.europesays.com\/fr\/wp-json\/wp\/v2\/posts\/260100\/revisions"}],"wp:featuredmedia":[{"embeddable":true,"href":"https:\/\/www.europesays.com\/fr\/wp-json\/wp\/v2\/media\/260101"}],"wp:attachment":[{"href":"https:\/\/www.europesays.com\/fr\/wp-json\/wp\/v2\/media?parent=260100"}],"wp:term":[{"taxonomy":"category","embeddable":true,"href":"https:\/\/www.europesays.com\/fr\/wp-json\/wp\/v2\/categories?post=260100"},{"taxonomy":"post_tag","embeddable":true,"href":"https:\/\/www.europesays.com\/fr\/wp-json\/wp\/v2\/tags?post=260100"}],"curies":[{"name":"wp","href":"https:\/\/api.w.org\/{rel}","templated":true}]}}