{"id":260105,"date":"2025-07-20T02:09:08","date_gmt":"2025-07-20T02:09:08","guid":{"rendered":"https:\/\/www.europesays.com\/fr\/260105\/"},"modified":"2025-07-20T02:09:08","modified_gmt":"2025-07-20T02:09:08","slug":"paris-devoile-une-murale-de-josephine-baker-en-hommage-a-son-heritage","status":"publish","type":"post","link":"https:\/\/www.europesays.com\/fr\/260105\/","title":{"rendered":"Paris d\u00e9voile une murale de Jos\u00e9phine Baker en hommage \u00e0 son h\u00e9ritage"},"content":{"rendered":"<p>Paris fait revivre l\u2019esprit de Jos\u00e9phine Baker, artiste et militante des droits civiques franco-am\u00e9ricaine, avec une nouvelle murale.<\/p>\n<p>Cinquante ans apr\u00e8s sa mort, Jos\u00e9phine Baker contemple aujourd\u2019hui un quartier diversifi\u00e9 du nord-est de Paris, gr\u00e2ce \u00e0 l\u2019artiste urbain FKDL et \u00e0 un festival d\u2019art de rue visant \u00e0 promouvoir l\u2019esprit communautaire.<\/p>\n<p>N\u00e9e \u00e0 Saint-Louis, dans le Missouri, Jos\u00e9phine Baker est devenue une vedette dans les ann\u00e9es 1930, notamment en France, o\u00f9 elle s\u2019est install\u00e9e en 1925 pour fuir le racisme et la s\u00e9gr\u00e9gation aux \u00c9tats-Unis.<\/p>\n<p>Outre sa c\u00e9l\u00e9brit\u00e9 sur sc\u00e8ne, Jos\u00e9phine Baker a \u00e9galement espionn\u00e9 les nazis pour la R\u00e9sistance fran\u00e7aise et a d\u00e9fil\u00e9 aux c\u00f4t\u00e9s de Martin Luther King Jr. \u00e0 Washington. Elle est d\u00e9c\u00e9d\u00e9e \u00e0 Paris en 1975.<\/p>\n<p>\u00abJe suis \u00e9mu et heureux, car cela fait partie du souvenir de ma m\u00e8re\u00bb, a d\u00e9clar\u00e9 son fils, Brian Baker, \u00e0 l\u2019Associated Press lors de l\u2019inauguration de la fresque samedi. Il faisait partie des 12\u00a0enfants adopt\u00e9s par Jos\u00e9phine Baker \u00e0 travers le monde, qu\u2019elle appelait sa \u00abtribu arc-en-ciel\u00bb et que son fils appelait \u00abune petite Nations Unies\u00bb.<\/p>\n<p>La murale de Mme\u00a0Baker, cens\u00e9e symboliser la libert\u00e9 et la r\u00e9sistance, fait partie de celles peintes ces derniers jours dans le quartier et organis\u00e9es par l\u2019association Paris Colors Ourq.<\/p>\n<p>L\u2019artiste FKDL a expliqu\u00e9 qu\u2019il se concentre sur \u00able retour des femmes dans le paysage urbain\u00bb.<\/p>\n<p>Pour lui, Jos\u00e9phine Baker a toujours \u00e9t\u00e9 une figure embl\u00e9matique de cette \u00e9poque, la qualifiant de libre d\u2019esprit et de femme incroyable.<\/p>\n<p>Jos\u00e9phine Baker a \u00e9t\u00e9 la premi\u00e8re femme noire \u00e0 \u00eatre intronis\u00e9e au Panth\u00e9on fran\u00e7ais, rejoignant ainsi des sommit\u00e9s, telles que le philosophe Voltaire, la scientifique Marie Curie et l\u2019\u00e9crivain Victor Hugo.<\/p>\n","protected":false},"excerpt":{"rendered":"Paris fait revivre l\u2019esprit de Jos\u00e9phine Baker, artiste et militante des droits civiques franco-am\u00e9ricaine, avec une nouvelle murale.&hellip;\n","protected":false},"author":2,"featured_media":260106,"comment_status":"","ping_status":"","sticky":false,"template":"","format":"standard","meta":{"footnotes":""},"categories":[1888],"tags":[11,1777,674,1011,27,25179,1854,15225,12,626,25],"class_list":{"0":"post-260105","1":"post","2":"type-post","3":"status-publish","4":"format-standard","5":"has-post-thumbnail","7":"category-paris","8":"tag-actualites","9":"tag-eu","10":"tag-europe","11":"tag-fr","12":"tag-france","13":"tag-https-lactualite-com-sujet-culture-arts","14":"tag-https-lactualite-com-sujet-international","15":"tag-https-lactualite-com-sujet-social","16":"tag-news","17":"tag-paris","18":"tag-republique-francaise"},"share_on_mastodon":{"url":"https:\/\/pubeurope.com\/@fr\/114883131005773591","error":""},"_links":{"self":[{"href":"https:\/\/www.europesays.com\/fr\/wp-json\/wp\/v2\/posts\/260105","targetHints":{"allow":["GET"]}}],"collection":[{"href":"https:\/\/www.europesays.com\/fr\/wp-json\/wp\/v2\/posts"}],"about":[{"href":"https:\/\/www.europesays.com\/fr\/wp-json\/wp\/v2\/types\/post"}],"author":[{"embeddable":true,"href":"https:\/\/www.europesays.com\/fr\/wp-json\/wp\/v2\/users\/2"}],"replies":[{"embeddable":true,"href":"https:\/\/www.europesays.com\/fr\/wp-json\/wp\/v2\/comments?post=260105"}],"version-history":[{"count":0,"href":"https:\/\/www.europesays.com\/fr\/wp-json\/wp\/v2\/posts\/260105\/revisions"}],"wp:featuredmedia":[{"embeddable":true,"href":"https:\/\/www.europesays.com\/fr\/wp-json\/wp\/v2\/media\/260106"}],"wp:attachment":[{"href":"https:\/\/www.europesays.com\/fr\/wp-json\/wp\/v2\/media?parent=260105"}],"wp:term":[{"taxonomy":"category","embeddable":true,"href":"https:\/\/www.europesays.com\/fr\/wp-json\/wp\/v2\/categories?post=260105"},{"taxonomy":"post_tag","embeddable":true,"href":"https:\/\/www.europesays.com\/fr\/wp-json\/wp\/v2\/tags?post=260105"}],"curies":[{"name":"wp","href":"https:\/\/api.w.org\/{rel}","templated":true}]}}