{"id":260115,"date":"2025-07-20T02:14:13","date_gmt":"2025-07-20T02:14:13","guid":{"rendered":"https:\/\/www.europesays.com\/fr\/260115\/"},"modified":"2025-07-20T02:14:13","modified_gmt":"2025-07-20T02:14:13","slug":"public-majoritairement-feminin-pour-france-allemagne","status":"publish","type":"post","link":"https:\/\/www.europesays.com\/fr\/260115\/","title":{"rendered":"Public majoritairement f\u00e9minin pour France &#8211; Allemagne"},"content":{"rendered":"<p class=\"lede\">Ce fut encore une fois une f\u00eate du football endiabl\u00e9e dans la ville f\u00e9d\u00e9rale, mais le happy end n&rsquo;a pas eu lieu: l&rsquo;\u00e9quipe nationale f\u00e9minine suisse a perdu au Wankdorf son quart de finale de l&rsquo;Euro contre l&rsquo;Espagne et fait ses adieux au tournoi \u00e0 domicile.<\/p>\n<p>Pour battre les championnes du monde espagnoles, les Suissesses auraient eu besoin d&rsquo;un nouveau \u00ab\u00a0miracle de Berne\u00a0\u00bb, que les fans ont tent\u00e9 d&rsquo;invoquer d\u00e8s le trajet vers le stade, mais les dieux du football n&rsquo;a pas fait gr\u00e2ce.<\/p>\n<p>Pour la ville de Berne, ce quart de finale entrera tout de m\u00eame dans l&rsquo;histoire. Officiellement, 25&rsquo;000 personnes ont pris le chemin du Wankdorf en d\u00e9but de soir\u00e9e, ce qui en fait la plus grande marche de supporters de l&rsquo;histoire d&rsquo;un Euro f\u00e9minin.<\/p>\n<p>Ce nouveau record a \u00e9t\u00e9 r\u00e9alis\u00e9 principalement par des supporters suisses, auxquels se sont ajout\u00e9s quelques centaines de supporters de l&rsquo;\u00e9quipe espagnole.<\/p>\n<p>Une ambiance pacifique<\/p>\n<p>La foule a serpent\u00e9 du centre-ville \u00e0 la Fosse aux ours, puis a remont\u00e9 l&rsquo;Aargauerstalden jusqu&rsquo;au stade. Sous un ciel bleu et par des temp\u00e9ratures l\u00e9g\u00e8rement inf\u00e9rieures \u00e0 30 degr\u00e9s, l&rsquo;ambiance \u00e9tait paisible et joyeuse, comme l&rsquo;a rapport\u00e9 un journaliste de l&rsquo;agence de presse Keystone-ATS.<\/p>\n<p>Les Euros f\u00e9minins existent depuis 1984. Le pr\u00e9c\u00e9dent record avait \u00e9t\u00e9 \u00e9tabli il y a pr\u00e8s de deux semaines, \u00e9galement \u00e0 Berne, lorsque 14&rsquo;000 personnes avaient particip\u00e9 \u00e0 la marche des supporters avant Suisse-Islande.<\/p>\n<p>Le match au Wankdorf s&rsquo;est jou\u00e9 \u00e0 guichets ferm\u00e9s avec 29&rsquo;734 supporters. L&rsquo;affluence \u00e9tait \u00e9galement grande au Public Viewing sur la Place f\u00e9d\u00e9rale. Une heure avant le coup d&rsquo;envoi, la fan zone n&rsquo;\u00e9tait d\u00e9j\u00e0 plus librement accessible: ceux qui voulaient y entrer devaient attendre que quelqu&rsquo;un d&rsquo;autre la quitte.<\/p>\n<p>Les yeux riv\u00e9s sur le match<\/p>\n<p>Les gens se pressaient \u00e9galement devant de nombreux autres \u00e9crans dans le centre-ville. M\u00eame au Gurtenfestival, le match \u00e9tait dans tous les esprits. Parmi les tenues du festival sur la montagne bernoise, on pouvait apercevoir quelques maillots rouges.<\/p>\n<p>La retransmission du match a compl\u00e9t\u00e9 le programme musical. \u00ab\u00a0Nous voulons \u00eatre dans l&rsquo;air du temps. L&rsquo;Euro f\u00e9minin est sur toutes les l\u00e8vres. Ne pas diffuser ce quart de finale historique serait donc tout simplement de l&rsquo;ignorance\u00a0\u00bb, a d\u00e9clar\u00e9 la porte-parole du Gurtenfestival, Nadine Br\u00f6nnimann, \u00e0 l&rsquo;agence de presse Keystone-ATS.<\/p>\n<p>Juste \u00e0 temps pour le coup d&rsquo;envoi, la pente jouxtant de la sc\u00e8ne de la tente \u00e9tait occup\u00e9e par d&rsquo;innombrables festivaliers qui voulaient suivre le match. Certains \u00e9taient assis \u00e0 une telle distance de l&rsquo;\u00e9cran que le ballon \u00e9tait \u00e0 peine visible \u00e0 l&rsquo;image. Cela n&rsquo;a toutefois en rien p\u00e9jor\u00e9 une ambiance de feu.<\/p>\n<p>Une longue nuit<\/p>\n<p>La d\u00e9faite de l&rsquo;\u00e9quipe suisse a refroidi l&rsquo;ambiance \u00e0 Berne en fin de soir\u00e9e, mais la f\u00eate n&rsquo;\u00e9tait pas termin\u00e9e pour autant.<\/p>\n<p>D&rsquo;une part, les supporters ont c\u00e9l\u00e9br\u00e9 leur \u00e9quipe qui s&rsquo;est battue avec abn\u00e9gation: \u00ab\u00a0Une performance dont nous pouvons \u00eatre fiers\u00a0\u00bb, a \u00e9galement d\u00e9clar\u00e9 le conseiller f\u00e9d\u00e9ral Martin Pfister sur le r\u00e9seau social X. \u00ab\u00a0Je f\u00e9licite chaleureusement et me r\u00e9jouis du soutien dont b\u00e9n\u00e9ficie le football f\u00e9minin\u00a0\u00bb, a \u00e9crit le ministre des sports.<\/p>\n<p>D&rsquo;autre part, la ville avait d\u00e9j\u00e0 d\u00e9cr\u00e9t\u00e9 une nuit libre &#8211; ind\u00e9pendamment du r\u00e9sultat du quart de finale. Elle voulait ainsi rendre hommage aux performances des Suissesses. A l&rsquo;issue de la rencontre, rien ne s&rsquo;opposait ainsi \u00e0 une longue nuit \u00e0 Berne.<\/p>\n<p>Cet article a \u00e9t\u00e9 publi\u00e9 automatiquement. Source : ats<\/p>\n","protected":false},"excerpt":{"rendered":"Ce fut encore une fois une f\u00eate du football endiabl\u00e9e dans la ville f\u00e9d\u00e9rale, mais le happy end&hellip;\n","protected":false},"author":2,"featured_media":260116,"comment_status":"","ping_status":"","sticky":false,"template":"","format":"standard","meta":{"footnotes":""},"categories":[1587],"tags":[11,672,1804,1805,1803,1777,674,1801,12,1802],"class_list":{"0":"post-260115","1":"post","2":"type-post","3":"status-publish","4":"format-standard","5":"has-post-thumbnail","7":"category-allemagne","8":"tag-actualites","9":"tag-allemagne","10":"tag-bundesrepublik-deutschland","11":"tag-de","12":"tag-deutschland","13":"tag-eu","14":"tag-europe","15":"tag-germany","16":"tag-news","17":"tag-republique-federale-dallemagne"},"share_on_mastodon":{"url":"https:\/\/pubeurope.com\/@fr\/114883151083143203","error":""},"_links":{"self":[{"href":"https:\/\/www.europesays.com\/fr\/wp-json\/wp\/v2\/posts\/260115","targetHints":{"allow":["GET"]}}],"collection":[{"href":"https:\/\/www.europesays.com\/fr\/wp-json\/wp\/v2\/posts"}],"about":[{"href":"https:\/\/www.europesays.com\/fr\/wp-json\/wp\/v2\/types\/post"}],"author":[{"embeddable":true,"href":"https:\/\/www.europesays.com\/fr\/wp-json\/wp\/v2\/users\/2"}],"replies":[{"embeddable":true,"href":"https:\/\/www.europesays.com\/fr\/wp-json\/wp\/v2\/comments?post=260115"}],"version-history":[{"count":0,"href":"https:\/\/www.europesays.com\/fr\/wp-json\/wp\/v2\/posts\/260115\/revisions"}],"wp:featuredmedia":[{"embeddable":true,"href":"https:\/\/www.europesays.com\/fr\/wp-json\/wp\/v2\/media\/260116"}],"wp:attachment":[{"href":"https:\/\/www.europesays.com\/fr\/wp-json\/wp\/v2\/media?parent=260115"}],"wp:term":[{"taxonomy":"category","embeddable":true,"href":"https:\/\/www.europesays.com\/fr\/wp-json\/wp\/v2\/categories?post=260115"},{"taxonomy":"post_tag","embeddable":true,"href":"https:\/\/www.europesays.com\/fr\/wp-json\/wp\/v2\/tags?post=260115"}],"curies":[{"name":"wp","href":"https:\/\/api.w.org\/{rel}","templated":true}]}}