{"id":260126,"date":"2025-07-20T02:20:15","date_gmt":"2025-07-20T02:20:15","guid":{"rendered":"https:\/\/www.europesays.com\/fr\/260126\/"},"modified":"2025-07-20T02:20:15","modified_gmt":"2025-07-20T02:20:15","slug":"un-18-trous-setablit-dans-saint-roch","status":"publish","type":"post","link":"https:\/\/www.europesays.com\/fr\/260126\/","title":{"rendered":"Un \u00ab18 trous\u00bb s\u2019\u00e9tablit dans Saint-Roch"},"content":{"rendered":"<p class=\"article-bodystyled__StyledText-sc-19uhgql-0 bGeyRM body-paragraph\">Les portes du Grand Mini-Golf s\u2019ouvrent ce samedi \u00e0 10 h.<\/p>\n<p class=\"article-bodystyled__StyledText-sc-19uhgql-0 bGeyRM body-paragraph\">\u00c0 l\u2019\u00e9tage du 770, rue Saint-Joseph Est, l\u2019espace de bureau de 8600 pieds carr\u00e9s s\u2019est m\u00e9tamorphos\u00e9 en un mini-putt th\u00e9matique de 18 trous.<\/p>\n<p class=\"article-bodystyled__StyledText-sc-19uhgql-0 bGeyRM body-paragraph\">Agissant \u00e0 titre d\u2019investisseurs, \u00c9lise Fortin et son conjoint \u00c9ric Amyot ont fait la rencontre des id\u00e9ateurs du projet, Nicolas Renaud et Laura Sivasli, \u00e0 travers l\u2019\u00e9cosyst\u00e8me de la Jeune Chambre de commerce de Qu\u00e9bec. <\/p>\n<p class=\"article-bodystyled__StyledText-sc-19uhgql-0 bGeyRM body-paragraph\">Il ne se sera \u00e9coul\u00e9 que six mois entre cette premi\u00e8re rencontre et le jour de l\u2019inauguration. Le projet s\u2019est concr\u00e9tis\u00e9 \u00e0 la vitesse grand V, convient \u00c9lise Fortin, en entrevue avec Le Soleil.<\/p>\n<p><img decoding=\"async\" data-chromatic=\"ignore\" alt=\"&#xC9;lise Fortin, copropri&#xE9;taire du Grand Mini-Golf\" class=\"c-image\" loading=\"lazy\" src=\"https:\/\/www.europesays.com\/fr\/wp-content\/uploads\/2025\/07\/2L3QWZ3CUFFZXLLEA5M4Q4CMY4.jpg\"  width=\"1200\" height=\"674\"\/><\/p>\n<p class=\"image-metadata__MetadataParagraph-sc-1gfk7p2-0 cAaLKg image-metadata\">\u00c9lise Fortin, copropri\u00e9taire du Grand Mini-Golf (Caroline Gr\u00e9goire\/Le Soleil)<\/p>\n<p class=\"article-bodystyled__StyledText-sc-19uhgql-0 bGeyRM body-paragraph\">Pr\u00e8s de 500 000 $ auront \u00e9t\u00e9 d\u00e9pens\u00e9s pour que le concept prenne vie. \u00abLe gros du budget est all\u00e9 dans les d\u00e9cors, les bo\u00eetes, le tapis\u00bb, affirme-t-elle.<\/p>\n<p>Clins d\u2019\u0153il \u00e0 l\u2019histoire<\/p>\n<p class=\"article-bodystyled__StyledText-sc-19uhgql-0 bGeyRM body-paragraph\">Chacun des 18 trous met en sc\u00e8ne un chapitre de l\u2019histoire de la ville de Qu\u00e9bec. <\/p>\n<blockquote class=\"blockquote\" cite=\"\">\n<p class=\"secondary-font__SecondaryFontStyles-sc-jft5zj-0 kJOXaj\">Les joueurs devront faufiler leur balle entre les troupes de la bataille des Plaines d\u2019Abraham, sous l\u2019ancien Mail Saint-Roch ou encore, parmi les chapiteaux du Festival d\u2019\u00e9t\u00e9 de Qu\u00e9bec.<\/p>\n<\/blockquote>\n<p class=\"article-bodystyled__StyledText-sc-19uhgql-0 bGeyRM body-paragraph\">\u00abOn n\u2019est pas dans une ligne du temps directe. [&#8230;] On trouvait \u00e7a tr\u00e8s rigide et mus\u00e9al de mettre un \u00e9v\u00e9nement apr\u00e8s l\u2019autre. On voulait rester dynamique\u00bb, explique la copropri\u00e9taire.<\/p>\n<p><img decoding=\"async\" data-chromatic=\"ignore\" alt=\"Ce projet de mini-putt a &#xE9;t&#xE9; r&#xE9;alis&#xE9; par l'&#xE9;quipe de Conception Alain Gagn&#xE9;.\" class=\"c-image\" loading=\"lazy\" src=\"https:\/\/www.europesays.com\/fr\/wp-content\/uploads\/2025\/07\/ZTQ3JYVIPVARBHGYTHUU6GH3FQ.jpg\"  width=\"1200\" height=\"674\"\/><\/p>\n<p class=\"image-metadata__MetadataParagraph-sc-1gfk7p2-0 cAaLKg image-metadata\">Ce projet de mini-putt a \u00e9t\u00e9 r\u00e9alis\u00e9 par l&rsquo;\u00e9quipe de Conception Alain Gagn\u00e9. (Caroline Gr\u00e9goire\/Le Soleil)<\/p>\n<p class=\"article-bodystyled__StyledText-sc-19uhgql-0 bGeyRM body-paragraph\">Les trois derniers trous du parcours font \u00e9cho \u00e0 une passion sportive des Qu\u00e9b\u00e9cois. \u00abLes gens vont troquer leur b\u00e2ton de golf pour un b\u00e2ton de hockey. Ils vont jouer sur une surface avec une puck de hockey\u00bb, signale-t-elle.<\/p>\n<p class=\"article-bodystyled__StyledText-sc-19uhgql-0 bGeyRM body-paragraph\">\u00abLe c\u00f4t\u00e9 du hockey, c\u2019est vraiment quelque chose qui s\u2019exporte. Et c\u2019est notre intention\u00bb, rench\u00e9rit la femme d\u2019affaires, \u00e0 propos de ses projets \u00e0 plus long terme.<\/p>\n<p><img decoding=\"async\" data-chromatic=\"ignore\" alt=\"Les joueurs devront manier le b&#xE2;ton de hockey et la rondelle pour les trois derniers trous du parcours.\" class=\"c-image\" loading=\"lazy\" src=\"https:\/\/www.europesays.com\/fr\/wp-content\/uploads\/2025\/07\/CEFU2V2QRRAT3HSKZDFXHJ3I6U.jpg\"  width=\"1200\" height=\"674\"\/><\/p>\n<p class=\"image-metadata__MetadataParagraph-sc-1gfk7p2-0 cAaLKg image-metadata\">Les joueurs devront manier le b\u00e2ton de hockey et la rondelle pour les trois derniers trous du parcours. (Caroline Gr\u00e9goire\/Le Soleil)<\/p>\n<p class=\"article-bodystyled__StyledText-sc-19uhgql-0 bGeyRM body-paragraph\">D\u2019ici l\u2019automne, un bar sportif sera \u00e9galement construit \u00e0 m\u00eame la mezzanine, en plus d\u2019une salle \u00e9v\u00e9nementielle pouvant accueillir plus d\u2019une vingtaine de personnes.<\/p>\n<p>Bienvenue aux touristes<\/p>\n<p class=\"article-bodystyled__StyledText-sc-19uhgql-0 bGeyRM body-paragraph\">Apr\u00e8s une courte r\u00e9flexion, le choix d\u2019ancrer leur offre dans le quartier Saint-Roch s\u2019est impos\u00e9. <\/p>\n<p class=\"article-bodystyled__StyledText-sc-19uhgql-0 bGeyRM body-paragraph\">\u00abLe maire en parle souvent: de ramener le touriste en basse-ville. Les touristes, c\u2019est vraiment [un public] qu\u2019on veut aller chercher pour non seulement notre golf, mais les autres commerces aussi. On veut participer \u00e0 cette revitalisation\u00bb, affirme Mme Fortin, consciente des d\u00e9fis actuels du quartier.<\/p>\n<blockquote class=\"pullquote\" cite=\"&#xC9;lise Fortin, copropri&#xE9;taire du Grand Mini-Golf\">\n<p class=\"secondary-font__SecondaryFontStyles-sc-jft5zj-0 kJOXaj\">\u00abOn voulait \u00eatre un acteur de changement dans le milieu. [&#8230;] On se dit que \u00e7a va revenir, \u00e7a va lever.\u00bb<\/p>\n<p>\u2014 \u00a0\u00c9lise Fortin, copropri\u00e9taire du Grand Mini-Golf<\/p><\/blockquote>\n<p class=\"article-bodystyled__StyledText-sc-19uhgql-0 bGeyRM body-paragraph\">Le secteur a \u00e9galement \u00e9t\u00e9 privil\u00e9gi\u00e9 pour son accessibilit\u00e9 tant en automobile qu\u2019en transport collectif. \u00abC\u2019est s\u00fbr qu\u2019on ne voulait pas s\u2019en aller dans les p\u00e9riph\u00e9ries. Il y a d\u00e9j\u00e0 Fluo s\u2019amuse \u00e0 Charlesbourg\u00bb, nomme-t-elle \u00e0 titre exemple.<\/p>\n<p><img decoding=\"async\" data-chromatic=\"ignore\" alt=\"Ce parcours de golf miniature est&#10;ponctu&#xE9; d'allusions &#xE0; l'histoire, &#xE0; des r&#xE9;cits populaires et &#xE0; la culture qu&#xE9;b&#xE9;coise.\" class=\"c-image\" loading=\"lazy\" src=\"https:\/\/www.europesays.com\/fr\/wp-content\/uploads\/2025\/07\/HHFQKVG4SJEDHHIBTXJFVQA3XE.jpg\"  width=\"1200\" height=\"674\"\/><\/p>\n<p class=\"image-metadata__MetadataParagraph-sc-1gfk7p2-0 cAaLKg image-metadata\">Ce parcours de golf miniature est<br \/>\nponctu\u00e9 d&rsquo;allusions \u00e0 l&rsquo;histoire, \u00e0 des r\u00e9cits populaires et \u00e0 la culture qu\u00e9b\u00e9coise. (Caroline Gr\u00e9goire\/Le Soleil)<\/p>\n<p class=\"article-bodystyled__StyledText-sc-19uhgql-0 bGeyRM body-paragraph\">En plus de la client\u00e8le touristique, les familles, les activit\u00e9s corporatives et les groupes scolaires sont dans le viseur des actionnaires. <\/p>\n<p class=\"article-bodystyled__StyledText-sc-19uhgql-0 bGeyRM body-paragraph\">\u00abC\u2019est ludique en m\u00eame temps d\u2019\u00eatre \u00e9ducatif. Les profs d\u2019histoire cherchent tout le temps des activit\u00e9s \u00e0 faire\u00bb, glisse celle qui promet d\u2019offrir une exp\u00e9rience au-del\u00e0 du golf miniature conventionnel.<\/p>\n<p><img decoding=\"async\" data-chromatic=\"ignore\" alt=\"Jusqu'&#xE0; 37 personnes par demi-heure peuvent r&#xE9;server afin de s'&#xE9;lancer sur le mini-golf.\" class=\"c-image\" loading=\"lazy\" src=\"https:\/\/www.europesays.com\/fr\/wp-content\/uploads\/2025\/07\/7YETYMADBNHKVHFZ2EMF2IA3SU.jpg\"  width=\"1200\" height=\"674\"\/><\/p>\n<p class=\"image-metadata__MetadataParagraph-sc-1gfk7p2-0 cAaLKg image-metadata\">Jusqu&rsquo;\u00e0 37 personnes par demi-heure peuvent r\u00e9server afin de s&rsquo;\u00e9lancer sur le mini-golf. (Caroline Gr\u00e9goire\/Le Soleil)<\/p>\n<p>\u00c0 savoir :<\/p>\n<ul class=\"list__StyledUnorderedList-sc-1fuu2ld-2 dQMyhv\">\n<li class=\"list__StyledListItem-sc-1fuu2ld-0 DhbSI\">Le Grand Mini-Golf<\/li>\n<li class=\"list__StyledListItem-sc-1fuu2ld-0 DhbSI\">Adresse: 770, rue Saint-Joseph Est, \u00e0 Qu\u00e9bec<\/li>\n<li class=\"list__StyledListItem-sc-1fuu2ld-0 DhbSI\">Ouvert tous les jours<\/li>\n<li class=\"list__StyledListItem-sc-1fuu2ld-0 DhbSI\">Prix: 10 $ pour les enfants, 18 $ pour les adultes<\/li>\n<li class=\"list__StyledListItem-sc-1fuu2ld-0 DhbSI\">Info: <a href=\"https:\/\/legrandminigolf.ca\/\" target=\"_blank\" rel=\"noopener\" title=\"https:\/\/legrandminigolf.ca\/\">legrandminigolf.ca<\/a><\/li>\n<\/ul>\n","protected":false},"excerpt":{"rendered":"Les portes du Grand Mini-Golf s\u2019ouvrent ce samedi \u00e0 10 h. \u00c0 l\u2019\u00e9tage du 770, rue Saint-Joseph Est,&hellip;\n","protected":false},"author":2,"featured_media":260127,"comment_status":"","ping_status":"","sticky":false,"template":"","format":"standard","meta":{"footnotes":""},"categories":[1418],"tags":[1011,27,1472,24940,7810,60],"class_list":{"0":"post-260126","1":"post","2":"type-post","3":"status-publish","4":"format-standard","5":"has-post-thumbnail","7":"category-golf","8":"tag-fr","9":"tag-france","10":"tag-golf","11":"tag-mini-golf","12":"tag-quebec","13":"tag-sports"},"share_on_mastodon":{"url":"https:\/\/pubeurope.com\/@fr\/114883174495475570","error":""},"_links":{"self":[{"href":"https:\/\/www.europesays.com\/fr\/wp-json\/wp\/v2\/posts\/260126","targetHints":{"allow":["GET"]}}],"collection":[{"href":"https:\/\/www.europesays.com\/fr\/wp-json\/wp\/v2\/posts"}],"about":[{"href":"https:\/\/www.europesays.com\/fr\/wp-json\/wp\/v2\/types\/post"}],"author":[{"embeddable":true,"href":"https:\/\/www.europesays.com\/fr\/wp-json\/wp\/v2\/users\/2"}],"replies":[{"embeddable":true,"href":"https:\/\/www.europesays.com\/fr\/wp-json\/wp\/v2\/comments?post=260126"}],"version-history":[{"count":0,"href":"https:\/\/www.europesays.com\/fr\/wp-json\/wp\/v2\/posts\/260126\/revisions"}],"wp:featuredmedia":[{"embeddable":true,"href":"https:\/\/www.europesays.com\/fr\/wp-json\/wp\/v2\/media\/260127"}],"wp:attachment":[{"href":"https:\/\/www.europesays.com\/fr\/wp-json\/wp\/v2\/media?parent=260126"}],"wp:term":[{"taxonomy":"category","embeddable":true,"href":"https:\/\/www.europesays.com\/fr\/wp-json\/wp\/v2\/categories?post=260126"},{"taxonomy":"post_tag","embeddable":true,"href":"https:\/\/www.europesays.com\/fr\/wp-json\/wp\/v2\/tags?post=260126"}],"curies":[{"name":"wp","href":"https:\/\/api.w.org\/{rel}","templated":true}]}}