{"id":260128,"date":"2025-07-20T02:22:15","date_gmt":"2025-07-20T02:22:15","guid":{"rendered":"https:\/\/www.europesays.com\/fr\/260128\/"},"modified":"2025-07-20T02:22:15","modified_gmt":"2025-07-20T02:22:15","slug":"le-rugbyman-ugo-boniface-de-retour-a-casteljaloux-avec-la-coupe-deurope","status":"publish","type":"post","link":"https:\/\/www.europesays.com\/fr\/260128\/","title":{"rendered":"le rugbyman Ugo Boniface de retour \u00e0 Casteljaloux avec la coupe d\u2019Europe"},"content":{"rendered":"<p>Ce samedi matin 19\u00a0juillet, le stade de Lirac n\u2019a pas seulement accueilli un troph\u00e9e, il a c\u00e9l\u00e9br\u00e9 un parcours, un r\u00eave devenu r\u00e9alit\u00e9. Ugo Boniface, pilier de l\u2019Union Bordeaux B\u00e8gles et couronn\u00e9 vainqueur de la Champions Cup 2025, est revenu l\u00e0 o\u00f9 tout a commenc\u00e9\u00a0: \u00e0 Casteljaloux, son club formateur.<\/p>\n<p>N\u00e9 en 1998 \u00e0 Marmande, Ugo a grandi et a chauss\u00e9 ses premiers crampons \u00e0 six ans \u00e0 l\u2019US Casteljaloux, sous les yeux de son p\u00e8re, entra\u00eeneur des jeunes. De l\u00e0, il gravit les \u00e9chelons\u00a0: N\u00e9rac, Agen &#8211; o\u00f9 il est sacr\u00e9 champion de France cadet -, puis Bayonne, avant d\u2019atterrir en Gironde, \u00e0 l\u2019Union Bordeaux B\u00e8gles.<\/p>\n<p>Lors des \u00e9changes avec le public, ce samedi, Ugo partage des souvenirs d\u2019entra\u00eenements avec \u00ab\u00a0les copains\u00a0\u00bb, parle d\u2019humilit\u00e9 et de passion. \u00ab\u00a0Je n\u2019ai pas vraiment choisi de devenir pro, j\u2019ai saisi les opportunit\u00e9s\u00a0\u00bb, confie-t-il. Malgr\u00e9 une carri\u00e8re \u00e9clatante, il refuse toute idol\u00e2trie. \u00ab\u00a0Je n\u2019ai pas gu\u00e9ri de maladie grave\u00a0\u00bb, dit-il en souriant, rappelant que le rugby, aussi glorieux soit-il, n\u2019est qu\u2019une partie de la vie.<\/p>\n<p>        <img decoding=\"async\" id=\"25304689\" src=\"https:\/\/www.europesays.com\/fr\/wp-content\/uploads\/2025\/07\/marmandeetmarmandais-5a7c546beb9c49fe9424cdf5fc126260-151438-ph0.jpg\" alt=\"Ugo et son papa.\" itemprop=\"contentURL\"\/><\/p>\n<p>    Ugo et son papa.<\/p>\n<p>Nathalie Balay\u00e9<\/p>\n<p>        <img decoding=\"async\" id=\"25304693\" src=\"https:\/\/www.europesays.com\/fr\/wp-content\/uploads\/2025\/07\/marmandeetmarmandais-5a7c546beb9c49fe9424cdf5fc126260-151438-ph1.jpg\" alt=\"Ugo Boniface aux c\u00f4t\u00e9s de Julie Castillo et Bernard Tejada.\" itemprop=\"contentURL\"\/><\/p>\n<p>    Ugo Boniface aux c\u00f4t\u00e9s de Julie Castillo et Bernard Tejada.<\/p>\n<p>Nathalie Balay\u00e9<\/p>\n<p>    \u00ab\u00a0Retour de l\u2019enfant du pays\u00a0\u00bb<\/p>\n<p>Il aime prodiguer des conseils aux jeunes\u00a0: \u00ab\u00a0Il faut croire en ses r\u00eaves, prendre du plaisir et jouer avec ses copains sans trop penser \u00e0 l\u2019avenir.\u00a0\u00bb Tim\u00e9o, 9\u00a0ans, jeune pratiquant, observe Ugo avec des \u00e9toiles dans les yeux. Ce passionn\u00e9 de rugby ne r\u00eave que d\u2019une chose\u00a0: devenir professionnel et \u00ab\u00a0qu\u2019il me signe mon ballon\u00a0\u00bb, murmure-t-il timidement.<\/p>\n<blockquote><p>\u00ab\u00a0Il faut croire en ses r\u00eaves, prendre du plaisir et jouer avec ses copains sans trop penser \u00e0 l\u2019avenir\u00a0\u00bb<\/p><\/blockquote>\n<p>La maire de Casteljaloux, Julie Castillo, salue le \u00ab\u00a0retour de l\u2019enfant du pays\u00a0\u00bb et souligne le lien ind\u00e9fectible qui unit Ugo \u00e0 la ville. Entre retrouvailles familiales, clins d\u2019\u0153il aux souvenirs et poign\u00e9es de main chaleureuses, la journ\u00e9e est marqu\u00e9e par une \u00e9motion sinc\u00e8re. Bernard Tejada, copr\u00e9sident du club, d\u00e9crit un membre \u00ab\u00a0toujours pr\u00e9sent lorsqu\u2019il le peut\u00a0\u00bb. Ce d\u00e9vouement incarne l\u2019esprit du club, v\u00e9ritable pilier de son identit\u00e9.<\/p>\n<p>L\u2019Assembl\u00e9e g\u00e9n\u00e9rale, pr\u00e9vue pour le 30\u00a0juillet, s\u2019annonce comme un moment strat\u00e9gique. C\u2019est \u00e0 cette occasion que seront r\u00e9v\u00e9l\u00e9es les ambitions et la politique g\u00e9n\u00e9rale du club pour les mois \u00e0 venir.<\/p>\n<p>        <img decoding=\"async\" id=\"25304692\" src=\"https:\/\/www.europesays.com\/fr\/wp-content\/uploads\/2025\/07\/marmandeetmarmandais-5a7c546beb9c49fe9424cdf5fc126260-151438-ph2.jpg\" alt=\"Ugo Boniface avec les joueurs cat 1.\" itemprop=\"contentURL\"\/><\/p>\n<p>    Ugo Boniface avec les joueurs cat 1.<\/p>\n<p>Nathalie Balay\u00e9<\/p>\n<p>        <img decoding=\"async\" id=\"25304690\" src=\"https:\/\/www.europesays.com\/fr\/wp-content\/uploads\/2025\/07\/marmandeetmarmandais-5a7c546beb9c49fe9424cdf5fc126260-151439-ph3.jpg\" alt=\"Il a d\u00e9dicac\u00e9 de nombreux ballons\u2026\" itemprop=\"contentURL\"\/><\/p>\n<p>    Il a d\u00e9dicac\u00e9 de nombreux ballons\u2026<\/p>\n<p>Nathalie Balay\u00e9<\/p>\n<p>        <img decoding=\"async\" id=\"25304811\" src=\"https:\/\/www.europesays.com\/fr\/wp-content\/uploads\/2025\/07\/marmandeetmarmandais-6dd19d9d9cc144b09ed22a001f433cba-152659-ph2.jpg\" alt=\"Ugo Boniface a offert un maillot \u00e0 Julie Castillo et Bernard Tejada.\" itemprop=\"contentURL\"\/><\/p>\n<p>    Ugo Boniface a offert un maillot \u00e0 Julie Castillo et Bernard Tejada.<\/p>\n<p> Nathalie Balay\u00e9<\/p>\n","protected":false},"excerpt":{"rendered":"Ce samedi matin 19\u00a0juillet, le stade de Lirac n\u2019a pas seulement accueilli un troph\u00e9e, il a c\u00e9l\u00e9br\u00e9 un&hellip;\n","protected":false},"author":2,"featured_media":260129,"comment_status":"","ping_status":"","sticky":false,"template":"","format":"standard","meta":{"footnotes":""},"categories":[1416],"tags":[1011,27,479,1468,60],"class_list":{"0":"post-260128","1":"post","2":"type-post","3":"status-publish","4":"format-standard","5":"has-post-thumbnail","7":"category-rugby","8":"tag-fr","9":"tag-france","10":"tag-rugby","11":"tag-rugby-football","12":"tag-sports"},"share_on_mastodon":{"url":"https:\/\/pubeurope.com\/@fr\/114883182377279217","error":""},"_links":{"self":[{"href":"https:\/\/www.europesays.com\/fr\/wp-json\/wp\/v2\/posts\/260128","targetHints":{"allow":["GET"]}}],"collection":[{"href":"https:\/\/www.europesays.com\/fr\/wp-json\/wp\/v2\/posts"}],"about":[{"href":"https:\/\/www.europesays.com\/fr\/wp-json\/wp\/v2\/types\/post"}],"author":[{"embeddable":true,"href":"https:\/\/www.europesays.com\/fr\/wp-json\/wp\/v2\/users\/2"}],"replies":[{"embeddable":true,"href":"https:\/\/www.europesays.com\/fr\/wp-json\/wp\/v2\/comments?post=260128"}],"version-history":[{"count":0,"href":"https:\/\/www.europesays.com\/fr\/wp-json\/wp\/v2\/posts\/260128\/revisions"}],"wp:featuredmedia":[{"embeddable":true,"href":"https:\/\/www.europesays.com\/fr\/wp-json\/wp\/v2\/media\/260129"}],"wp:attachment":[{"href":"https:\/\/www.europesays.com\/fr\/wp-json\/wp\/v2\/media?parent=260128"}],"wp:term":[{"taxonomy":"category","embeddable":true,"href":"https:\/\/www.europesays.com\/fr\/wp-json\/wp\/v2\/categories?post=260128"},{"taxonomy":"post_tag","embeddable":true,"href":"https:\/\/www.europesays.com\/fr\/wp-json\/wp\/v2\/tags?post=260128"}],"curies":[{"name":"wp","href":"https:\/\/api.w.org\/{rel}","templated":true}]}}