{"id":260130,"date":"2025-07-20T02:23:10","date_gmt":"2025-07-20T02:23:10","guid":{"rendered":"https:\/\/www.europesays.com\/fr\/260130\/"},"modified":"2025-07-20T02:23:10","modified_gmt":"2025-07-20T02:23:10","slug":"de-possibles-retrouvailles-entre-fritz-et-mpetshi-perricard-medvedev-shelton-musetti-ou-rublev-presents","status":"publish","type":"post","link":"https:\/\/www.europesays.com\/fr\/260130\/","title":{"rendered":"de possibles retrouvailles entre Fritz et Mpetshi Perricard, Medvedev, Shelton, Musetti ou Rublev pr\u00e9sents"},"content":{"rendered":"<p>                <img decoding=\"async\" src=\"https:\/\/www.europesays.com\/fr\/wp-content\/uploads\/2025\/07\/mVyI.jpg\" alt=\"Tirage au sort de l\u2019ATP 500 de Washington : de possibles retrouvailles entre Fritz et Mpetshi Perricard, Medvedev, Shelton, Musetti ou Rublev pr\u00e9sents\"\/><\/p>\n<p><strong>La tourn\u00e9e am\u00e9ricaine d\u00e9marre officiellement lundi avec l\u2019ATP 500 de Washington.<\/strong><\/p>\n<p>Pour cette premi\u00e8re semaine de comp\u00e9tition sur dur ext\u00e9rieur, quelques membres du top 10 seront \u00e0 l\u2019affiche afin de r\u00e9p\u00e9ter leurs gammes avant les Masters 1000 de Toronto et de Cincinnati.<\/p>\n<p>Taylor Fritz, n\u00b04 mondial, sera la t\u00eate de s\u00e9rie n\u00b01 dans la capitale am\u00e9ricaine. Pour son entr\u00e9e en lice, il pourrait retrouver Giovanni Mpetshi Perricard, si ce dernier parvient \u00e0 \u00e9carter Aleksandar Vukic au premier tour. Les deux hommes s\u2019\u00e9taient affront\u00e9s \u00e0 Wimbledon pour une victoire de Fritz en cinq manches.<\/p>\n<p>Dans l\u2019autre moiti\u00e9 du tableau, Lorenzo Musetti devra tenir son rang. L\u2019Italien, g\u00ean\u00e9 par une blessure depuis Roland-Garros, affrontera soit Cameron Norrie soit un qualifi\u00e9 au deuxi\u00e8me tour.<\/p>\n<p>Holger Rune et Daniil Medvedev se retrouvent dans le m\u00eame quart. Le Danois, 8e mondial et conseill\u00e9 par Andre Agassi cette semaine, d\u00e9butera face \u00e0 un qualifi\u00e9 ou \u00e0 Alexandre M\u00fcller. Medvedev, quant \u00e0 lui, h\u00e9ritera de Reilly Opelka ou d\u2019un joueur issu des qualifications. Opelka l\u2019avait battu le mois dernier sur le gazon de \u2019s\u2019Hertogenbosch.<\/p>\n<p>Finaliste en titre, Flavio Cobolli devra s&rsquo;extirper d&rsquo;une partie de tableau o\u00f9 se trouvent Ben Shelton et Frances Tiafoe.<\/p>\n<p>Enfin, apr\u00e8s Mpetshi Perricard et M\u00fcller, trois autres Fran\u00e7ais sont pr\u00e9sents dans le tableau. Ga\u00ebl Monfils d\u00e9fiera un qualifi\u00e9, Quentin Halys affrontera Aleksandar Kovacevic, finaliste \u00e0 Los Cabos, et Benjamin Bonzi sera oppos\u00e9 \u00e0 Fabian Marozsan.<\/p>\n","protected":false},"excerpt":{"rendered":"La tourn\u00e9e am\u00e9ricaine d\u00e9marre officiellement lundi avec l\u2019ATP 500 de Washington. Pour cette premi\u00e8re semaine de comp\u00e9tition sur&hellip;\n","protected":false},"author":2,"featured_media":260131,"comment_status":"","ping_status":"","sticky":false,"template":"","format":"standard","meta":{"footnotes":""},"categories":[1415],"tags":[1011,27,60,1467],"class_list":{"0":"post-260130","1":"post","2":"type-post","3":"status-publish","4":"format-standard","5":"has-post-thumbnail","7":"category-tennis","8":"tag-fr","9":"tag-france","10":"tag-sports","11":"tag-tennis"},"share_on_mastodon":{"url":"https:\/\/pubeurope.com\/@fr\/114883186183009070","error":""},"_links":{"self":[{"href":"https:\/\/www.europesays.com\/fr\/wp-json\/wp\/v2\/posts\/260130","targetHints":{"allow":["GET"]}}],"collection":[{"href":"https:\/\/www.europesays.com\/fr\/wp-json\/wp\/v2\/posts"}],"about":[{"href":"https:\/\/www.europesays.com\/fr\/wp-json\/wp\/v2\/types\/post"}],"author":[{"embeddable":true,"href":"https:\/\/www.europesays.com\/fr\/wp-json\/wp\/v2\/users\/2"}],"replies":[{"embeddable":true,"href":"https:\/\/www.europesays.com\/fr\/wp-json\/wp\/v2\/comments?post=260130"}],"version-history":[{"count":0,"href":"https:\/\/www.europesays.com\/fr\/wp-json\/wp\/v2\/posts\/260130\/revisions"}],"wp:featuredmedia":[{"embeddable":true,"href":"https:\/\/www.europesays.com\/fr\/wp-json\/wp\/v2\/media\/260131"}],"wp:attachment":[{"href":"https:\/\/www.europesays.com\/fr\/wp-json\/wp\/v2\/media?parent=260130"}],"wp:term":[{"taxonomy":"category","embeddable":true,"href":"https:\/\/www.europesays.com\/fr\/wp-json\/wp\/v2\/categories?post=260130"},{"taxonomy":"post_tag","embeddable":true,"href":"https:\/\/www.europesays.com\/fr\/wp-json\/wp\/v2\/tags?post=260130"}],"curies":[{"name":"wp","href":"https:\/\/api.w.org\/{rel}","templated":true}]}}