{"id":260132,"date":"2025-07-20T02:24:22","date_gmt":"2025-07-20T02:24:22","guid":{"rendered":"https:\/\/www.europesays.com\/fr\/260132\/"},"modified":"2025-07-20T02:24:22","modified_gmt":"2025-07-20T02:24:22","slug":"jean-aime-toupane-prolonge-a-la-tete-de-lequipe-de-france-jusquen-2028","status":"publish","type":"post","link":"https:\/\/www.europesays.com\/fr\/260132\/","title":{"rendered":"Jean-Aim\u00e9 Toupane prolong\u00e9 \u00e0 la t\u00eate de l&rsquo;\u00e9quipe de France jusqu&rsquo;en 2028 ?"},"content":{"rendered":"<p>Qui aurait pu pr\u00e9voir cela, le 11 novembre 2021, lorsque<strong> Jean-Aim\u00e9 Toupane\u00a0<\/strong>(66 ans) d\u00e9marrait son mandat de s\u00e9lectionneur par une claque en Ukraine (71-90), avant de conna\u00eetre des qualifications pour la Coupe du Monde tout aussi poussives en f\u00e9vrier 2022, avec une d\u00e9faite face au Nigeria (65-67) puis une d\u00e9route absolue contre la Chine (70-103) ?! Le Franco-S\u00e9n\u00e9galais \u00e9tait alors la cible d\u2019un proc\u00e8s en l\u00e9gitimit\u00e9, loin d\u2019\u00eatre illogique au vu de son pass\u00e9 dans le basket f\u00e9minin : inexistant.<\/p>\n<p>Trois ans plus tard, l\u2019ancien entra\u00eeneur du Stade Clermontois a (presque) fait taire toutes les critiques, sur la base d\u2019une ann\u00e9e 2024 fabuleuse. Encore tr\u00e8s contest\u00e9 l\u2019an dernier, au terme d\u2019un EuroBasket o\u00f9 sa d\u00e9cision de se passer de Marine Johann\u00e8s (qui ne pouvait participer \u00e0 toute la pr\u00e9paration en raison de la WNBA) avait quasiment autant crisp\u00e9 que le r\u00e9sultat final (3e), Jean-Aim\u00e9 Toupane a pourtant men\u00e9 les Bleues vers la deuxi\u00e8me finale olympique de leur histoire, emb\u00eatant comme jamais les Am\u00e9ricaines, que l\u2019on pensait intouchables, sur la derni\u00e8re marche (<a target=\"_blank\" rel=\"noopener nofollow\" href=\"https:\/\/www.bebasket.fr\/battue-un-point-equipe-france-medaillee-argent\">66-67<\/a>).<\/p>\n<p><strong>Du changement dans le staff ? <\/strong><\/p>\n<p>Le fruit d\u2019un message martel\u00e9, rab\u00e2ch\u00e9, depuis l\u2019automne 2021, qui a enfin port\u00e9 ses fruits. \u00ab\u00a0Il faut du temps pour faire les choses bien\u00a0\u00bb, <a target=\"_blank\" rel=\"noopener nofollow\" href=\"https:\/\/www.bebasket.fr\/gabby-williams-cest-lintensite-quaime-veut-de-nous\">plaidait<\/a> Gabby Williams en plein milieu des JO. \u00ab\u00a0Avec un peu de temps, on a enfin capt\u00e9 ce qu\u2019il veut mettre en place.\u00a0\u00bb\u00a0Ainsi, avec un tel aboutissement, le vice-champion olympique \u00e9tait en position de force pour rester \u00e0 la t\u00eate des Bleues, si tel \u00e9tait son souhait, comme il l\u2019avait sugg\u00e9r\u00e9 apr\u00e8s la demi-finale. .\u00ab\u00a0J\u2019esp\u00e8re que je ne vais pas arr\u00eater demain. J\u2019ai 20 ans dans ma t\u00eate (sourire). Cette finale, ce n\u2019est pas forc\u00e9ment un aboutissement, c\u2019est une \u00e9tape.\u00a0\u00bb<\/p>\n<p>Selon nos informations, Jean-Aim\u00e9 Toupane va bien repartir pour un nouveau cycle de quatre ans aux manettes de l\u2019\u00e9quipe de France. Si rien n\u2019est sign\u00e9, le s\u00e9lectionneur et la f\u00e9d\u00e9ration seraient d\u2019accord sur les bases d\u2019une prolongation jusqu\u2019\u00e0 Los Angeles 2028, englobant donc l\u2019EuroBasket 2025, la Coupe du Monde 2026 et l\u2019EuroBasket 2027. En revanche, le staff technique pourrait \u00eatre fortement modifi\u00e9, avec les deux principaux adjoints, <strong>Cathy Melain<\/strong> et <strong>David Gautier<\/strong>, qui s\u2019orienteraient vers des fins de mission.<\/p>\n","protected":false},"excerpt":{"rendered":"Qui aurait pu pr\u00e9voir cela, le 11 novembre 2021, lorsque Jean-Aim\u00e9 Toupane\u00a0(66 ans) d\u00e9marrait son mandat de s\u00e9lectionneur&hellip;\n","protected":false},"author":2,"featured_media":260133,"comment_status":"","ping_status":"","sticky":false,"template":"","format":"standard","meta":{"footnotes":""},"categories":[1414],"tags":[1465,1464,1011,27,60],"class_list":{"0":"post-260132","1":"post","2":"type-post","3":"status-publish","4":"format-standard","5":"has-post-thumbnail","7":"category-basket","8":"tag-basket","9":"tag-basketball","10":"tag-fr","11":"tag-france","12":"tag-sports"},"share_on_mastodon":{"url":"https:\/\/pubeurope.com\/@fr\/114883190095400638","error":""},"_links":{"self":[{"href":"https:\/\/www.europesays.com\/fr\/wp-json\/wp\/v2\/posts\/260132","targetHints":{"allow":["GET"]}}],"collection":[{"href":"https:\/\/www.europesays.com\/fr\/wp-json\/wp\/v2\/posts"}],"about":[{"href":"https:\/\/www.europesays.com\/fr\/wp-json\/wp\/v2\/types\/post"}],"author":[{"embeddable":true,"href":"https:\/\/www.europesays.com\/fr\/wp-json\/wp\/v2\/users\/2"}],"replies":[{"embeddable":true,"href":"https:\/\/www.europesays.com\/fr\/wp-json\/wp\/v2\/comments?post=260132"}],"version-history":[{"count":0,"href":"https:\/\/www.europesays.com\/fr\/wp-json\/wp\/v2\/posts\/260132\/revisions"}],"wp:featuredmedia":[{"embeddable":true,"href":"https:\/\/www.europesays.com\/fr\/wp-json\/wp\/v2\/media\/260133"}],"wp:attachment":[{"href":"https:\/\/www.europesays.com\/fr\/wp-json\/wp\/v2\/media?parent=260132"}],"wp:term":[{"taxonomy":"category","embeddable":true,"href":"https:\/\/www.europesays.com\/fr\/wp-json\/wp\/v2\/categories?post=260132"},{"taxonomy":"post_tag","embeddable":true,"href":"https:\/\/www.europesays.com\/fr\/wp-json\/wp\/v2\/tags?post=260132"}],"curies":[{"name":"wp","href":"https:\/\/api.w.org\/{rel}","templated":true}]}}