{"id":260138,"date":"2025-07-20T02:28:12","date_gmt":"2025-07-20T02:28:12","guid":{"rendered":"https:\/\/www.europesays.com\/fr\/260138\/"},"modified":"2025-07-20T02:28:12","modified_gmt":"2025-07-20T02:28:12","slug":"girondins-driss-trichard-le-groupe-a-bien-pris-cest-de-bon-augure","status":"publish","type":"post","link":"https:\/\/www.europesays.com\/fr\/260138\/","title":{"rendered":"Girondins. Driss Trichard : \u00ab\u00a0Le groupe a bien pris, c&rsquo;est de bon augure\u00a0\u00bb"},"content":{"rendered":"<p><img decoding=\"async\" src=\"https:\/\/www.europesays.com\/fr\/wp-content\/uploads\/2025\/04\/671_6193919fef46cc7fd01256d352462fb0.jpg\" alt=\"Girondins. Driss Trichard : &quot;Le groupe a bien pris, c'est de bon augure&quot;\" class=\"img-responsive mt-3\"\/><\/p>\n<p class=\"text-center mb-3\" style=\"font-size: 14px\">\u00a9 Iconsport<\/p>\n<p style=\"text-align: justify;\">\u00c9coutez ses propos ou lisez-les :<\/p>\n<p>\u00a0<\/p>\n<p><strong>\u00ab\u00a0Le pr\u00e9parateur physique nous fait bien cavaler\u00a0\u00bb<\/strong><\/p>\n<p style=\"text-align: justify;\">Driss Trichard : \u00ab\u00a0On se sent bien et le groupe a bien pris. C&rsquo;est de bon augure pour la suite, on gagne 3 buts \u00e0 2. Physiquement, on est encore \u00e0 court. On travaille bien et on a fait une bonne semaine. Les automatismes viennent petit \u00e0 petit. On fait une bonne pr\u00e9pa. Le pr\u00e9parateur physique (Th\u00e9o Freulard, NDLR) nous fait bien cavaler. C&rsquo;est bon pour la suite. \u00c7a nous met en confiance surtout avec une victoire face \u00e0 une belle \u00e9quipe de Cannes.\u00a0\u00bb<\/p>\n<p style=\"text-align: justify;\">\u00a0<\/p>\n<p>\u00c0 lire &gt;&gt;\u00a0<strong><a href=\"https:\/\/www.webgirondins.com\/actualite-mercato-girondins-3-joueurs-a-l-essai-face-a-l-as-cannes-pour-bordeaux-129788\" target=\"_blank\" rel=\"noopener\">Bordeaux met 3 joueurs \u00e0 l&rsquo;essai face \u00e0 l&rsquo;AS Cannes<\/a><\/strong><\/p>\n<p>\u00a0<\/p>\n","protected":false},"excerpt":{"rendered":"\u00a9 Iconsport \u00c9coutez ses propos ou lisez-les : \u00a0 \u00ab\u00a0Le pr\u00e9parateur physique nous fait bien cavaler\u00a0\u00bb Driss Trichard&hellip;\n","protected":false},"author":2,"featured_media":16184,"comment_status":"","ping_status":"","sticky":false,"template":"","format":"standard","meta":{"footnotes":""},"categories":[1410],"tags":[40023,150,40022,3396,12008,1997,7306,15013,9424,6767,2823,63,1011,27,1987,15011,2705,40024,13392,12005,17907,7914,35529,3242,60,6768,1264,5238],"class_list":{"0":"post-260138","1":"post","2":"type-post","3":"status-publish","4":"format-standard","5":"has-post-thumbnail","7":"category-football","8":"tag-adam","9":"tag-apres","10":"tag-augure","11":"tag-avec","12":"tag-bien","13":"tag-bordeaux","14":"tag-cannes","15":"tag-defenseur","16":"tag-derniere","17":"tag-driss","18":"tag-face","19":"tag-football","20":"tag-fr","21":"tag-france","22":"tag-girondins","23":"tag-grillot","24":"tag-groupe","25":"tag-halley","26":"tag-jean","27":"tag-micro","28":"tag-pris","29":"tag-reagit","30":"tag-rescape","31":"tag-saison","32":"tag-sports","33":"tag-trichard","34":"tag-victoire","35":"tag-webgirondins"},"share_on_mastodon":{"url":"https:\/\/pubeurope.com\/@fr\/114883206280721865","error":""},"_links":{"self":[{"href":"https:\/\/www.europesays.com\/fr\/wp-json\/wp\/v2\/posts\/260138","targetHints":{"allow":["GET"]}}],"collection":[{"href":"https:\/\/www.europesays.com\/fr\/wp-json\/wp\/v2\/posts"}],"about":[{"href":"https:\/\/www.europesays.com\/fr\/wp-json\/wp\/v2\/types\/post"}],"author":[{"embeddable":true,"href":"https:\/\/www.europesays.com\/fr\/wp-json\/wp\/v2\/users\/2"}],"replies":[{"embeddable":true,"href":"https:\/\/www.europesays.com\/fr\/wp-json\/wp\/v2\/comments?post=260138"}],"version-history":[{"count":0,"href":"https:\/\/www.europesays.com\/fr\/wp-json\/wp\/v2\/posts\/260138\/revisions"}],"wp:featuredmedia":[{"embeddable":true,"href":"https:\/\/www.europesays.com\/fr\/wp-json\/wp\/v2\/media\/16184"}],"wp:attachment":[{"href":"https:\/\/www.europesays.com\/fr\/wp-json\/wp\/v2\/media?parent=260138"}],"wp:term":[{"taxonomy":"category","embeddable":true,"href":"https:\/\/www.europesays.com\/fr\/wp-json\/wp\/v2\/categories?post=260138"},{"taxonomy":"post_tag","embeddable":true,"href":"https:\/\/www.europesays.com\/fr\/wp-json\/wp\/v2\/tags?post=260138"}],"curies":[{"name":"wp","href":"https:\/\/api.w.org\/{rel}","templated":true}]}}