{"id":260147,"date":"2025-07-20T02:34:39","date_gmt":"2025-07-20T02:34:39","guid":{"rendered":"https:\/\/www.europesays.com\/fr\/260147\/"},"modified":"2025-07-20T02:34:39","modified_gmt":"2025-07-20T02:34:39","slug":"lily-rose-depp-au-casting-du-remake-dun-film-dhorreur-culte-diffuse-ce-soir-a-la-television","status":"publish","type":"post","link":"https:\/\/www.europesays.com\/fr\/260147\/","title":{"rendered":"Lily-Rose Depp au casting du remake d&rsquo;un film d&rsquo;horreur culte diffus\u00e9 ce soir \u00e0 la t\u00e9l\u00e9vision"},"content":{"rendered":"<p>Dans Nosferatu, diffus\u00e9 ce samedi 19 juillet 2025 \u00e0 21h10 sur Canal+, le c\u00e9l\u00e8bre vampire a de nouveau soif de sang avec cette relecture r\u00e9ussie du classique allemand sorti en 1922, mettant en sc\u00e8ne une Lily-Rose Depp aussi \u00e9nigmatique que fantastique.  <\/p>\n<p>En 1922, le cin\u00e9aste allemand Friedrich Wilhelm Murnau veut adapter \u00e0 l&rsquo;\u00e9cran <a href=\"https:\/\/www.programme-tv.net\/news\/series-tv\/246843-dracula-quelles-sont-les-differences-entre-la-serie-de-netflix-et-loeuvre-originale-de-bram-stoker\/\" data-api-deeplink=\"teleloisirs:\/\/news\/246843\" target=\"_blank\" rel=\"noopener\">Dracula de Bram Stoker<\/a>. Mais comme il n&rsquo;obtient pas les droits, il imagine le vampire Nosferatu dans ce qui restera comme l&rsquo;un des premiers films d&rsquo;horreur de l&rsquo;histoire et un v\u00e9ritable chef-d&rsquo;\u0153uvre du cin\u00e9ma. Plus d&rsquo;un si\u00e8cle apr\u00e8s, l&rsquo;am\u00e9ricain Robert Eggers, \u00e0 qui l&rsquo;on doit The Witch, The Lighthouse et <a href=\"https:\/\/www.programme-tv.net\/news\/cinema\/316922-the-northman-canal-decouvrez-lintense-preparation-physique-dalexander-skarsgard-pour-le-role\/\" data-api-deeplink=\"teleloisirs:\/\/news\/316922\" target=\"_blank\" rel=\"noopener\">The Northman (qui a valu une intense pr\u00e9paration physique \u00e0 Alexander Skarsg\u00e5rd)<\/a>, revisite le mythe avec brio dans son Nosferatu, diffus\u00e9 ce samedi 19 juillet 2025 \u00e0 21h10 sur Canal+.<\/p>\n<p><b>La surprise Lily-Rose Depp<\/b><\/p>\n<p>\u00c0 26 ans, <a href=\"https:\/\/www.programme-tv.net\/news\/cinema\/92884-lily-rose-depp-a-17-ans-la-fille-de-vanessa-paradis-et-johnny-depp-n-a-pas-connu-l-insouciance-de-l-adolescence\/\" data-api-deeplink=\"teleloisirs:\/\/news\/92884\" target=\"_blank\" rel=\"noopener\">Lily-Rose Depp, la fille de Johnny Depp et Vanessa Paradis<\/a>, d\u00e9croche ici le premier grand r\u00f4le de cin\u00e9ma de sa carri\u00e8re, <a href=\"https:\/\/www.programme-tv.net\/news\/series-tv\/330936-faire-des-choses-puritaines-ne-minteresse-pas-lily-rose-depp-defend-les-scenes-explicites-de-the-idol\/\" data-api-deeplink=\"teleloisirs:\/\/news\/330936\" target=\"_blank\" rel=\"noopener\">apr\u00e8s une entr\u00e9e remarqu\u00e9e dans le monde des s\u00e9ries via The Idol<\/a>. Et de quelle mani\u00e8re\u00a0! Elle brille ici sous les traits de la convulsive Ellen Hutter, une jeune femme tourment\u00e9e par la pr\u00e9sence d\u2019un \u00eatre surnaturel et mal\u00e9fique\u00a0: le comte\u00a0Orlok\u00a0(<a href=\"https:\/\/www.programme-tv.net\/biographie\/276621-skarsgard-bill\/\" data-link-people=\"61e96219-e8d0-46ea-9bd2-0842a3bcdd66\" target=\"_blank\" rel=\"noopener\">Bill Skarsg\u00e5rd<\/a>), un vampire ancien et terrifiant. Ce dernier cherche \u00e0 la s\u00e9duire apr\u00e8s avoir pi\u00e9g\u00e9 son mari, un clerc de notaire envoy\u00e9 chez lui, en Transylvanie, pour finaliser une transaction immobili\u00e8re. La cr\u00e9ature est obs\u00e9d\u00e9e par Ellen, et sa venue en Allemagne entra\u00eene une \u00e9pid\u00e9mie de peste. Talentueuse et charismatique, la jeune actrice appara\u00eet comme l&rsquo;un des grands atouts du film, son personnage \u00e9tant davantage d\u00e9velopp\u00e9 que dans les versions pr\u00e9c\u00e9dentes (celle de Murnau en 1922, et celle avec <a href=\"https:\/\/www.programme-tv.net\/biographie\/6559-adjani-isabelle\/\" data-link-people=\"90d229ff-d7ad-4bcb-8a8c-521805c786cf\" target=\"_blank\" rel=\"noopener\">Isabelle Adjani<\/a> en 1979), il devient m\u00eame l&rsquo;\u00e9l\u00e9ment central de l&rsquo;histoire. Ses crises de possession ne manqueront pas de vous effrayer\u00a0! L&rsquo;autre grande force de ce Nosferatu est son atmosph\u00e8re. Le film marque par sa mise en sc\u00e8ne tr\u00e8s travaill\u00e9e, sublim\u00e9e par une esth\u00e9tique froide et gothique, typique du r\u00e9alisateur. Ainsi, Robert Eggers s&rsquo;amuse avec la cam\u00e9ra et les jeux de lumi\u00e8re.<\/p>\n<p>                        <b>Nosferatu, un conte gothique&#8230; et mythique !<\/b><\/p>\n<p>Retenons notamment ce superbe plan nocturne o\u00f9 l&rsquo;inqui\u00e9tante demeure du comte Orlok \u00e0 peine \u00e9clair\u00e9e par la lune se dresse au loin. Et que dire de la cr\u00e9ature \u00e0 la silhouette cadav\u00e9rique et aux crocs ac\u00e9r\u00e9s qui se r\u00e9v\u00e8le tr\u00e8s intimidante au travers de s\u00e9quences parfois sanglantes, mais aussi profond\u00e9ment d\u00e9rangeantes\u00a0? Voil\u00e0 un remake qui ne manque assur\u00e9ment pas de mordant\u00a0!<\/p>\n","protected":false},"excerpt":{"rendered":"Dans Nosferatu, diffus\u00e9 ce samedi 19 juillet 2025 \u00e0 21h10 sur Canal+, le c\u00e9l\u00e8bre vampire a de nouveau&hellip;\n","protected":false},"author":2,"featured_media":260148,"comment_status":"","ping_status":"","sticky":false,"template":"","format":"standard","meta":{"footnotes":""},"categories":[1354],"tags":[1419,4548,244,58,59,16240,32645,1346,1011,27,40025,32402,1360,129,40026],"class_list":{"0":"post-260147","1":"post","2":"type-post","3":"status-publish","4":"format-standard","5":"has-post-thumbnail","7":"category-films","8":"tag-canal-plus","9":"tag-channel_tl-story","10":"tag-commentaire","11":"tag-divertissement","12":"tag-entertainment","13":"tag-fille-de","14":"tag-film-dhorreur","15":"tag-films","16":"tag-fr","17":"tag-france","18":"tag-guid_6256066859001","19":"tag-lily-rose-depp","20":"tag-movies","21":"tag-svod","22":"tag-uuid_921742ee-921a-49d0-8d60-15a9ef7bdb9f"},"share_on_mastodon":{"url":"https:\/\/pubeurope.com\/@fr\/114883229256208681","error":""},"_links":{"self":[{"href":"https:\/\/www.europesays.com\/fr\/wp-json\/wp\/v2\/posts\/260147","targetHints":{"allow":["GET"]}}],"collection":[{"href":"https:\/\/www.europesays.com\/fr\/wp-json\/wp\/v2\/posts"}],"about":[{"href":"https:\/\/www.europesays.com\/fr\/wp-json\/wp\/v2\/types\/post"}],"author":[{"embeddable":true,"href":"https:\/\/www.europesays.com\/fr\/wp-json\/wp\/v2\/users\/2"}],"replies":[{"embeddable":true,"href":"https:\/\/www.europesays.com\/fr\/wp-json\/wp\/v2\/comments?post=260147"}],"version-history":[{"count":0,"href":"https:\/\/www.europesays.com\/fr\/wp-json\/wp\/v2\/posts\/260147\/revisions"}],"wp:featuredmedia":[{"embeddable":true,"href":"https:\/\/www.europesays.com\/fr\/wp-json\/wp\/v2\/media\/260148"}],"wp:attachment":[{"href":"https:\/\/www.europesays.com\/fr\/wp-json\/wp\/v2\/media?parent=260147"}],"wp:term":[{"taxonomy":"category","embeddable":true,"href":"https:\/\/www.europesays.com\/fr\/wp-json\/wp\/v2\/categories?post=260147"},{"taxonomy":"post_tag","embeddable":true,"href":"https:\/\/www.europesays.com\/fr\/wp-json\/wp\/v2\/tags?post=260147"}],"curies":[{"name":"wp","href":"https:\/\/api.w.org\/{rel}","templated":true}]}}