{"id":260152,"date":"2025-07-20T02:38:13","date_gmt":"2025-07-20T02:38:13","guid":{"rendered":"https:\/\/www.europesays.com\/fr\/260152\/"},"modified":"2025-07-20T02:38:13","modified_gmt":"2025-07-20T02:38:13","slug":"100-etoiles-filantes-par-heure-cet-ete-mais-elles-viennent-dune-comete-qui-inquiete-les-experts","status":"publish","type":"post","link":"https:\/\/www.europesays.com\/fr\/260152\/","title":{"rendered":"100 \u00e9toiles filantes par heure cet \u00e9t\u00e9\u2026 mais elles viennent d\u2019une com\u00e8te qui inqui\u00e8te les experts"},"content":{"rendered":"<p><img fetchpriority=\"high\" decoding=\"async\" width=\"1024\" height=\"586\" src=\"https:\/\/www.europesays.com\/fr\/wp-content\/uploads\/2025\/07\/pluie-etoile-a-ne-pas-louper-1024x586.webp.webp\" alt=\"Tra\u00een\u00e9es d\u2019\u00e9toiles visibles dans le ciel nocturne, formant des cercles concentriques lors d\u2019une longue pose photo, illustrant une pluie de m\u00e9t\u00e9ores\" class=\"wp-image-983452\"  \/>La pluie des Pers\u00e9ides, caus\u00e9e par la com\u00e8te Swift-Tuttle, illumine chaque \u00e9t\u00e9 le ciel nocturne de tra\u00een\u00e9es d\u2019\u00e9toiles filantes. Un rendez-vous cosmique incontournable \u2013 DailyGeekShow.com<\/p>\n<p>Chaque ann\u00e9e, la pluie <a href=\"https:\/\/dailygeekshow.com\/climat-une-etoile-aurait-declenche-un-bouleversement-planetaire-il-y-a-56-millions-dannees-et-si-cela-pouvait-recommencer\/\" target=\"_blank\" rel=\"noopener\">d\u2019<\/a><strong><a href=\"https:\/\/dailygeekshow.com\/climat-une-etoile-aurait-declenche-un-bouleversement-planetaire-il-y-a-56-millions-dannees-et-si-cela-pouvait-recommencer\/\" target=\"_blank\" rel=\"noopener\">\u00e9toiles<\/a> filantes<\/strong> des <strong>Pers\u00e9ides<\/strong> fascine. En 2025, elle culminera les <strong>12 et 13 ao\u00fbt<\/strong>, avec jusqu\u2019\u00e0 <strong>100 m\u00e9t\u00e9ores<\/strong> par heure. Toutefois, derri\u00e8re ce spectacle, la com\u00e8te <strong>109P\/Swift-Tuttle<\/strong>, \u00e0 l\u2019origine du ph\u00e9nom\u00e8ne, suscite d\u00e9sormais des <strong>inqui\u00e9tudes<\/strong> chez les astronomes.<\/p>\n<p><strong>La com\u00e8te Swift-Tuttle \u00e0 l\u2019origine des Pers\u00e9ides est deux fois plus grosse que l\u2019ast\u00e9ro\u00efde des dinosaures<\/strong><\/p>\n<p>La com\u00e8te <strong>109P\/Swift\u2011Tuttle<\/strong> orbite autour du Soleil en <strong>133 ans<\/strong>. Avec ses <strong>26 km de diam\u00e8tre<\/strong>, elle double presque la taille de l\u2019ast\u00e9ro\u00efde ayant caus\u00e9 la fin des dinosaures. \u00c0 chacun de ses passages, elle \u00e9gr\u00e8ne un <strong>ruban de poussi\u00e8res<\/strong> et de <strong>d\u00e9bris<\/strong> dans <a href=\"https:\/\/dailygeekshow.com\/voyager-dans-lespace-modifie-vos-globules-rouges-et-votre-vision-des-le-premier-mois\/\" target=\"_blank\" rel=\"noopener\">l\u2019espace<\/a>.<\/p>\n<p>Lire aussi <a href=\"https:\/\/dailygeekshow.com\/asteroide-nasa\/\" target=\"_blank\" rel=\"noopener\">\u00ab Quelque chose d\u2019inconnu est \u00e0 l\u2019\u0153uvre ici \u00bb : la mission DART provoque des r\u00e9sultats inattendus<\/a><\/p>\n<p>Lorsque la Terre croise ce nuage, ces fragments p\u00e9n\u00e8trent dans notre <strong>atmosph\u00e8re<\/strong> \u00e0 pr\u00e8s de <strong>60 km\/s<\/strong>. Ils se consument alors en \u00e9clairs lumineux, que nous appelons <strong><a href=\"https:\/\/dailygeekshow.com\/meteorite-vie-mars\/\" target=\"_blank\" rel=\"noopener\">m\u00e9t\u00e9ores<\/a><\/strong>. C\u2019est ce ph\u00e9nom\u00e8ne qui donne la spectaculaire pluie des Pers\u00e9ides.<\/p>\n<p>En 1865, l\u2019astronome <strong>Giovanni Schiaparelli<\/strong> a pour la premi\u00e8re fois reli\u00e9 cette com\u00e8te \u00e0 la pluie d\u2019\u00e9toiles filantes. Pourtant, le passage prochain de Swift\u2011Tuttle reste surveill\u00e9 de pr\u00e8s, car ses d\u00e9bris incluent parfois des <strong>bolides<\/strong> pouvant atteindre la surface terrestre.<\/p>\n<p><strong>Les Pers\u00e9ides 2025 s\u2019annoncent plus intenses que d\u2019habitude, avec des boules de feu \u00e0 la cl\u00e9<\/strong><\/p>\n<p>Chaque ann\u00e9e, les Pers\u00e9ides figurent parmi les plus <strong>intenses<\/strong> et <strong>visibles<\/strong> pluies de m\u00e9t\u00e9ores. On y compte entre <strong>50 et 100 \u00e9toiles filantes<\/strong> par heure au pic d\u2019activit\u00e9. Pour 2025, les experts tablent m\u00eame sur un l\u00e9ger surcro\u00eet de poussi\u00e8res, renfor\u00e7ant le spectacle.<\/p>\n<p>Lire aussi <a href=\"https:\/\/dailygeekshow.com\/ce-nest-plus-de-la-science-fiction-la-nasa-va-lancer-deux-satellites-tracers-pour-sauver-la-terre-dun-blackout-mondial-annonce\/\" target=\"_blank\" rel=\"noopener\">\u00ab\u00a0Ce n\u2019est plus de la science-fiction\u00a0\u00bb : la NASA va lancer deux satellites TRACERS pour sauver la Terre d\u2019un blackout mondial annonc\u00e9<\/a><\/p>\n<p>Par ailleurs, ces m\u00e9t\u00e9ores incluent souvent des <strong>bolides<\/strong>, des fragments volumineux g\u00e9n\u00e9rant des <strong>boules de feu<\/strong> extr\u00eamement brillantes. Les plus puissantes peuvent atteindre une <strong>magnitude de \u20133<\/strong> ou plus, laissant derri\u00e8re elles des <strong>tra\u00een\u00e9es persistantes<\/strong>.<\/p>\n<p>Enfin, la <a href=\"https:\/\/dailygeekshow.com\/ce-nest-plus-de-la-science-fiction-la-nasa-va-lancer-deux-satellites-tracers-pour-sauver-la-terre-dun-blackout-mondial-annonce\/\" target=\"_blank\" rel=\"noopener\">NASA<\/a> conseille de rester vigilant : certains de ces bolides pourraient atteindre des zones isol\u00e9es. Les agences spatiales continuent de mod\u00e9liser le flux de d\u00e9bris pour anticiper tout <strong>risque de chute<\/strong> au sol.<\/p>\n<p><strong>Le pic tombera dans la nuit du 12 au 13 ao\u00fbt : nos conseils pour bien observer les Pers\u00e9ides<\/strong><\/p>\n<p>La p\u00e9riode d\u2019activit\u00e9 s\u2019\u00e9tend du <strong>17 juillet au 23 ao\u00fbt<\/strong>, mais le pic se jouera autour des <strong>nuit\u00e9es du 12 au 13 ao\u00fbt<\/strong>. Pour observer ce <strong>feu d\u2019artifice<\/strong>, il faut viser l\u2019<strong>entre-deux<\/strong> minuit et aube, lorsque le radiant, la constellation de <strong>Pers\u00e9e<\/strong>, domine le ciel.<\/p>\n<p>Lire aussi <a href=\"https:\/\/dailygeekshow.com\/mars-vie-curiosity\/\" target=\"_blank\" rel=\"noopener\">Cette d\u00e9couverte de la NASA pourrait expliquer pourquoi nous ne trouvons pas de vie sur Mars<\/a><\/p>\n<p>Ensuite, \u00e9loignez-vous des <strong>lumi\u00e8res urbaines<\/strong> et patientez <strong>20 minutes<\/strong> pour adapter votre vision. \u00c0 ce stade, nul besoin de jumelles : les m\u00e9t\u00e9ores couvrent l\u2019<strong>ensemble du ciel<\/strong>, m\u00eame hors du radiant.<\/p>\n<p>Enfin, la pleine Lune en d\u00e9but ao\u00fbt peut att\u00e9nuer la visibilit\u00e9. Aussi, privil\u00e9giez les nuits apr\u00e8s la <strong>nouvelle Lune<\/strong> suivante ou installez un \u00e9cran occultant pour am\u00e9liorer le contraste.<\/p>\n<p><strong>Ce feu d\u2019artifice c\u00e9leste cache aussi une menace r\u00e9elle pour la Terre<\/strong><\/p>\n<p>Observer les Pers\u00e9ides, c\u2019est renouer avec une <strong>tradition mill\u00e9naire<\/strong>. Depuis l\u2019Antiquit\u00e9, ces pluies d\u2019\u00e9toiles inspirent <strong>mythes<\/strong>, <strong>pr\u00e9dictions<\/strong> et <strong>v\u0153ux<\/strong>.<\/p>\n<p>Lire aussi <a href=\"https:\/\/dailygeekshow.com\/une-fusion-de-trous-noirs-pulverise-les-lois-deinstein-ce-que-les-scientifiques-navaient-jamais-imagine\/\" target=\"_blank\" rel=\"noopener\">Une fusion de trous noirs pulv\u00e9rise les lois d\u2019Einstein : ce que les scientifiques n\u2019avaient jamais imagin\u00e9<\/a><\/p>\n<p>Parall\u00e8lement, elles v\u00e9hiculent un puissant <strong>message scientifique<\/strong>. Elles mat\u00e9rialisent notre lien aux <strong>com\u00e8tes<\/strong>, ces <strong>vestiges du Syst\u00e8me solaire<\/strong>. \u00c0 chaque clignotement, nous r\u00e9affirmons notre place dans un cosmos en perp\u00e9tuelle \u00e9volution.<\/p>\n<p>Cependant, cette ann\u00e9e, la com\u00e8te Swift\u2011Tuttle rappelle aussi la <strong>fragilit\u00e9<\/strong> de notre plan\u00e8te face aux <strong>objets c\u00e9lestes<\/strong>. Les astronomes redoublent d\u2019efforts pour surveiller ces g\u00e9ants, \u00e9vitant tout <strong>risque de collision<\/strong> \u00e0 long terme. Finalement, la beaut\u00e9 des Pers\u00e9ides se double d\u2019un <strong>appel \u00e0 la vigilance cosmique<\/strong>.<\/p>\n","protected":false},"excerpt":{"rendered":"La pluie des Pers\u00e9ides, caus\u00e9e par la com\u00e8te Swift-Tuttle, illumine chaque \u00e9t\u00e9 le ciel nocturne de tra\u00een\u00e9es d\u2019\u00e9toiles&hellip;\n","protected":false},"author":2,"featured_media":260153,"comment_status":"","ping_status":"","sticky":false,"template":"","format":"standard","meta":{"footnotes":""},"categories":[7],"tags":[1011,27,23827,43,40,41,39,42,44],"class_list":{"0":"post-260152","1":"post","2":"type-post","3":"status-publish","4":"format-standard","5":"has-post-thumbnail","7":"category-sciences-et-technologies","8":"tag-fr","9":"tag-france","10":"tag-james-webb","11":"tag-science","12":"tag-science-and-technology","13":"tag-sciences","14":"tag-sciences-et-technologies","15":"tag-technologies","16":"tag-technology"},"share_on_mastodon":{"url":"https:\/\/pubeurope.com\/@fr\/114883245185461463","error":""},"_links":{"self":[{"href":"https:\/\/www.europesays.com\/fr\/wp-json\/wp\/v2\/posts\/260152","targetHints":{"allow":["GET"]}}],"collection":[{"href":"https:\/\/www.europesays.com\/fr\/wp-json\/wp\/v2\/posts"}],"about":[{"href":"https:\/\/www.europesays.com\/fr\/wp-json\/wp\/v2\/types\/post"}],"author":[{"embeddable":true,"href":"https:\/\/www.europesays.com\/fr\/wp-json\/wp\/v2\/users\/2"}],"replies":[{"embeddable":true,"href":"https:\/\/www.europesays.com\/fr\/wp-json\/wp\/v2\/comments?post=260152"}],"version-history":[{"count":0,"href":"https:\/\/www.europesays.com\/fr\/wp-json\/wp\/v2\/posts\/260152\/revisions"}],"wp:featuredmedia":[{"embeddable":true,"href":"https:\/\/www.europesays.com\/fr\/wp-json\/wp\/v2\/media\/260153"}],"wp:attachment":[{"href":"https:\/\/www.europesays.com\/fr\/wp-json\/wp\/v2\/media?parent=260152"}],"wp:term":[{"taxonomy":"category","embeddable":true,"href":"https:\/\/www.europesays.com\/fr\/wp-json\/wp\/v2\/categories?post=260152"},{"taxonomy":"post_tag","embeddable":true,"href":"https:\/\/www.europesays.com\/fr\/wp-json\/wp\/v2\/tags?post=260152"}],"curies":[{"name":"wp","href":"https:\/\/api.w.org\/{rel}","templated":true}]}}