{"id":260156,"date":"2025-07-20T02:40:18","date_gmt":"2025-07-20T02:40:18","guid":{"rendered":"https:\/\/www.europesays.com\/fr\/260156\/"},"modified":"2025-07-20T02:40:18","modified_gmt":"2025-07-20T02:40:18","slug":"la-propagande-communiste-devient-passible-demprisonnement-en-republique-tcheque","status":"publish","type":"post","link":"https:\/\/www.europesays.com\/fr\/260156\/","title":{"rendered":"La propagande communiste devient passible d\u2019emprisonnement en R\u00e9publique tch\u00e8que"},"content":{"rendered":"<p>Cet amendement au Code p\u00e9nal place la propagande communiste au m\u00eame niveau que l\u2019id\u00e9ologie nazie.<\/p>\n<p class=\"fig-paragraph\">Un\u00a0<a href=\"https:\/\/www.hrad.cz\/cs\/pro-media\/tiskove-zpravy\/aktualni-tiskove-zpravy\/prezident-republiky-podepsal-zakony-18695\" target=\"_blank\" rel=\"sponsored noopener\" data-gtm-custom-categorie=\"navigation\" data-gtm-custom-action=\"crossclick\" data-gtm-custom-label=\"Contextuel\" data-gtm-event=\"customEventSPE\">amendement au Code p\u00e9nal<\/a>, sign\u00e9 par le pr\u00e9sident tch\u00e8que Petr Pavel le 17 juillet, criminalise d\u00e9sormais la propagande communiste, la mettant de facto au m\u00eame niveau que l\u2019id\u00e9ologie nazie. La justice pourra prononcer des peines allant jusqu\u2019\u00e0 cinq ans d\u2019emprisonnement pour toute personne qui \u00abcr\u00e9e, soutient ou promeut des mouvements nazis, communistes ou autres qui visent manifestement \u00e0 supprimer les droits de l\u2019Homme et les libert\u00e9s ou \u00e0 inciter \u00e0 la haine raciale, ethnique, nationale, religieuse ou fond\u00e9e sur la classe sociale\u00bb.<\/p>\n<p class=\"fig-paragraph\">Plusieurs instituts, politiques comme historiques, appelaient de longue date \u00e0 placer la propagande communiste et nationale-socialiste sur le m\u00eame plan judiciaire. Toutefois, cet amendement n\u2019est pas du go\u00fbt du Parti communiste de Boh\u00eame et de Moravie (KS\u010cM), h\u00e9ritier du r\u00e9gime satellite de l\u2019Union sovi\u00e9tique. Cette criminalisation est \u00abune tentative rat\u00e9e d\u2019interdire le KS\u010cM et d\u2019intimider les critiques du r\u00e9gime actuel\u00bb, a-t-il r\u00e9agi. Le parti, lors des \u00e9lections de 2021, n\u2019a pas d\u00e9pass\u00e9 le seuil de 5%, qui permet d\u2019entrer au Parlement.<\/p>\n<p class=\"fig-body-link\">\n            \u00c0 lire aussi<br \/>\n        <a class=\"fig-body-link__link fig-premium-mark\" href=\"http:\/\/www.lefigaro.fr\/international\/sans-lui-l-operation-aurait-pu-tourner-au-desastre-comment-le-nouveau-president-tcheque-a-sauve-53-soldats-francais-dans-les-balkans-20230204\" target=\"_blank\" data-fig-type=\"Article\" rel=\"noopener\" data-gtm-custom-categorie=\"navigation\" data-gtm-custom-action=\"crossclick\" data-gtm-custom-label=\"Contextuel\" data-gtm-event=\"customEventSPE\" data-fig-domain=\"LEFIGARO\">\u00abSans lui, l&rsquo;op\u00e9ration aurait pu tourner au d\u00e9sastre\u00bb\u00a0: comment le pr\u00e9sident tch\u00e8que a sauv\u00e9 53 soldats fran\u00e7ais dans les Balkans<br \/>\n    <\/a>\n<\/p>\n<p>                                    <a class=\"fig-a11y-skip a11y-hidden\" href=\"#fig-a11y-skip-main-inarticle\"><br \/>\n        Passer la publicit\u00e9<br \/>\n    <\/a><\/p>\n<p class=\"fig-paragraph\">Le parti est dirig\u00e9 par l\u2019eurod\u00e9put\u00e9e Kate\u0159ina Kone\u010dn\u00e1. Elle a une position ambigu\u00eb sur la Russie, et notamment la guerre d\u2019agression que conduit Moscou en Ukraine depuis 2014. La R\u00e9publique tch\u00e8que est l\u2019un des plus grands soutiens europ\u00e9ens \u00e0 l\u2019Ukraine. Petr Pavel avait lanc\u00e9 une initiative pour fournir plus d\u2019un million d\u2019obus \u00e0 Kiev.<\/p>\n<p class=\"fig-paragraph\">La Tch\u00e9coslovaquie (Union de la R\u00e9publique tch\u00e8que et de la Slovaquie) avait \u00e9t\u00e9 d\u00e9pec\u00e9e en 1938 apr\u00e8s les accords de Munich qui en abandonnaient une partie \u00e0 l\u2019Allemagne d\u2019Hitler, avant que ce dernier n\u2019en conqui\u00e8re la totalit\u00e9. Apr\u00e8s la guerre, le pays est occup\u00e9 par l\u2019Arm\u00e9e rouge qui place progressivement ses alli\u00e9s communistes au pouvoir. En 1948, avec le coup de Prague, l\u2019\u00e9tau de l\u2019URSS se resserre. Alexander Dub\u010dek, alors dirigeant du parti communiste tch\u00e9coslovaque, tente un \u00abprintemps de Prague\u00bb et lib\u00e9ralise, tr\u00e8s relativement, le r\u00e9gime. L\u2019Arm\u00e9e rouge entre \u00e0 Prague en ao\u00fbt 1968 et lance une f\u00e9roce r\u00e9pression. Quelques mois plus t\u00f4t, \u00e0 Paris, des \u00e9tudiants louaient l\u2019URSS comme un mod\u00e8le.<\/p>\n<p class=\"fig-paragraph\">En 1989, V\u00e1clav Havel est \u00e9lu pr\u00e9sident de la r\u00e9publique tch\u00e9coslovaque et lance la R\u00e9volution de velours, qui va permettre progressivement la lib\u00e9ration de son pays. La Tch\u00e9quie s\u2019est s\u00e9par\u00e9e pacifiquement de la Slovaquie le 1er janvier 1993 et a rejoint l\u2019Otan puis l\u2019Union europ\u00e9enne. Le bilan exact des morts li\u00e9s au communisme dans le pays n\u2019est pas connu avec pr\u00e9cision. Selon l\u2019historien St\u00e9phane Courtois, le communisme a fait pr\u00e8s de 100 millions de morts \u00e0 travers le monde.<\/p>\n<p class=\"fig-paragraph\">Un peu partout en Europe, depuis leur lib\u00e9ration de l\u2019URSS et d\u2019autant plus depuis les guerres d\u2019agression russe en G\u00e9orgie, puis en Ukraine, les anciens pays occup\u00e9s par la Russie tournent le dos \u00e0 leur pass\u00e9 communiste. Des statues \u00e0 la gloire de l\u2019Arm\u00e9e rouge sont retir\u00e9es de l\u2019espace public et plac\u00e9es dans des mus\u00e9es, les archives s\u2019ouvrent progressivement, et l\u2019enseignement du russe, autrefois langue vernaculaire, diminue. Apr\u00e8s la Seconde Guerre mondiale, l\u2019Europe a connu un processus de \u00abd\u00e9nazification\u00bb. Toutefois, un tel proc\u00e9d\u00e9 pour le communisme n\u2019a pas eu lieu. Certains dirigeants, qui avaient collabor\u00e9 avec l\u2019occupant sovi\u00e9tique, n\u2019ont pas \u00e9t\u00e9 inqui\u00e9t\u00e9s et les cadres du r\u00e9gime n\u2019ont pas toujours \u00e9t\u00e9 jug\u00e9s pour leurs crimes. L\u2019imp\u00e9rialisme russe a r\u00e9veill\u00e9 cette douloureuse page en Europe.<\/p>\n","protected":false},"excerpt":{"rendered":"Cet amendement au Code p\u00e9nal place la propagande communiste au m\u00eame niveau que l\u2019id\u00e9ologie nazie. Un\u00a0amendement au Code&hellip;\n","protected":false},"author":2,"featured_media":260157,"comment_status":"","ping_status":"","sticky":false,"template":"","format":"standard","meta":{"footnotes":""},"categories":[5],"tags":[11,1011,27,14,12,11790,28],"class_list":{"0":"post-260156","1":"post","2":"type-post","3":"status-publish","4":"format-standard","5":"has-post-thumbnail","7":"category-international","8":"tag-actualites","9":"tag-fr","10":"tag-france","11":"tag-international","12":"tag-news","13":"tag-republique-tcheque","14":"tag-world"},"share_on_mastodon":{"url":"https:\/\/pubeurope.com\/@fr\/114883252933744597","error":""},"_links":{"self":[{"href":"https:\/\/www.europesays.com\/fr\/wp-json\/wp\/v2\/posts\/260156","targetHints":{"allow":["GET"]}}],"collection":[{"href":"https:\/\/www.europesays.com\/fr\/wp-json\/wp\/v2\/posts"}],"about":[{"href":"https:\/\/www.europesays.com\/fr\/wp-json\/wp\/v2\/types\/post"}],"author":[{"embeddable":true,"href":"https:\/\/www.europesays.com\/fr\/wp-json\/wp\/v2\/users\/2"}],"replies":[{"embeddable":true,"href":"https:\/\/www.europesays.com\/fr\/wp-json\/wp\/v2\/comments?post=260156"}],"version-history":[{"count":0,"href":"https:\/\/www.europesays.com\/fr\/wp-json\/wp\/v2\/posts\/260156\/revisions"}],"wp:featuredmedia":[{"embeddable":true,"href":"https:\/\/www.europesays.com\/fr\/wp-json\/wp\/v2\/media\/260157"}],"wp:attachment":[{"href":"https:\/\/www.europesays.com\/fr\/wp-json\/wp\/v2\/media?parent=260156"}],"wp:term":[{"taxonomy":"category","embeddable":true,"href":"https:\/\/www.europesays.com\/fr\/wp-json\/wp\/v2\/categories?post=260156"},{"taxonomy":"post_tag","embeddable":true,"href":"https:\/\/www.europesays.com\/fr\/wp-json\/wp\/v2\/tags?post=260156"}],"curies":[{"name":"wp","href":"https:\/\/api.w.org\/{rel}","templated":true}]}}