{"id":26016,"date":"2025-04-15T06:16:19","date_gmt":"2025-04-15T06:16:19","guid":{"rendered":"https:\/\/www.europesays.com\/fr\/26016\/"},"modified":"2025-04-15T06:16:19","modified_gmt":"2025-04-15T06:16:19","slug":"le-resultat-de-la-concertation-est-non-a-nice-le-stationnement-restera-gratuit-a-cimiez","status":"publish","type":"post","link":"https:\/\/www.europesays.com\/fr\/26016\/","title":{"rendered":"\u00ab\u00a0Le r\u00e9sultat de la concertation est non\u00a0\u00bb: \u00e0 Nice, le stationnement restera gratuit \u00e0 Cimiez"},"content":{"rendered":"<p>Et d\u00e9boulent les horodateurs. Le sujet s\u2019est invit\u00e9 en guest-star \u00e0 l\u2019assembl\u00e9e g\u00e9n\u00e9rale du comit\u00e9 de quartier Saint-Maurice, qui s\u2019est tenue le 7 mars.<\/p>\n<p>C\u2019est la pr\u00e9sidente qui a ressorti le dossier: \u00ab\u00a0Le stationnement payant qui a \u00e9t\u00e9 instaur\u00e9 dans notre quartier (zone 10) \u00e0 Chambrun en octobre a fait pol\u00e9mique.\u00a0\u00bb<\/p>\n<p>Martine Viviano pr\u00e9cise: \u00ab\u00a0Le comit\u00e9 a signal\u00e9 des v\u00e9hicules ventouses et n\u2019a jamais demand\u00e9 le stationnement payant, Je l\u2019ai moi-m\u00eame d\u00e9couvert en ao\u00fbt, alert\u00e9e par une voisine alors que j\u2019\u00e9tais en vacances, loin de Nice.\u00a0\u00bb<\/p>\n<p>La salle fr\u00e9mit, les doigts se l\u00e8vent.<\/p>\n<p>Les horodateurs finalement appr\u00e9ci\u00e9s \u00e0 Chambrun<\/p>\n<p>On parle de la fa\u00e7on dont les choses se sont pass\u00e9es, de d\u00e9mocratie. \u00ab\u00a0Vous avez consult\u00e9 60 personnes du comit\u00e9 de quartier alors qu\u2019il y a 2.500 habitants\u00a0\u00bb, riposte celui qui a men\u00e9 une fronde et une p\u00e9tition contre le stationnement payant.<\/p>\n<p>\u00ab\u00a0On n\u2019a \u00e9t\u00e9 inform\u00e9s de rien et plac\u00e9s devant le fait accompli\u00a0\u00bb, r\u00e2lent d\u2019autres. Et puis: \u00ab\u00a0Oui, mais c\u2019est bien, \u00e7a lib\u00e8re des places pour les commerces\u00a0\u00bb, \u00ab\u00a0C\u2019est 25 euros par mois mais on peut se garer\u00a0\u00bb.<\/p>\n<p>Finalement six mois apr\u00e8s, tout le monde applaudit (\u00e0 deux exceptions pr\u00e8s) la mesure. \u00c7a fait sourire Franck Martin, l\u2019adjoint au maire en charge du territoire des Hauts-de-Nice: \u00ab\u00a0C\u2019est positif ici et on me le r\u00e9clame \u00e0 Cimiez.\u00a0\u00bb<\/p>\n<p>Fin f\u00e9vrier, Claude Lubrano, pr\u00e9sident du comit\u00e9 de quartier Cimiez-Rimiez-Brancolar-Scuderi et Commandant-G\u00e9r\u00f4me, a pos\u00e9 la question. \u00ab\u00a0Une option \u00e0 tester\u00a0\u00bb, a estim\u00e9, pour sa part, Cl\u00e9mentine de Charnac\u00e9-Pastorel, pr\u00e9sidente du Haut-Cimiez.<\/p>\n<p>\u00ab\u00a0J\u2019ai toujours respect\u00e9 la concertation, intervient Ga\u00ebl Nofri, \u00e9lu au \u00e0 la Circulation et au stationnement. \u00c0 Cessole, les habitants ont dit non: on n\u2019a pas instaur\u00e9 le stationnement payant. \u00c0 Chambrun, on a eu une majorit\u00e9 de voix pour, on l\u2019a mis en place.\u00a0\u00bb <\/p>\n<p>\u00ab\u00a0\u00c0 Cimiez, le r\u00e9sultat de la concertation est non. Et m\u00eame si aujourd\u2019hui, d\u2019autres voix disent l\u2019inverse, je ne suis pas favorable \u00e0 rouvrir l\u00e0 ou le non l\u2019a emport\u00e9. Sinon on va me dire: comme la r\u00e9ponse ne vous convient pas, vous refaites un vote.\u00a0\u00bb<\/p>\n<p>Le stationnement \u00e0 Cimiez reste donc gratuit. Jusqu\u2019\u00e0 nouvel ordre.<\/p>\n","protected":false},"excerpt":{"rendered":"Et d\u00e9boulent les horodateurs. Le sujet s\u2019est invit\u00e9 en guest-star \u00e0 l\u2019assembl\u00e9e g\u00e9n\u00e9rale du comit\u00e9 de quartier Saint-Maurice,&hellip;\n","protected":false},"author":2,"featured_media":26017,"comment_status":"","ping_status":"","sticky":false,"template":"","format":"standard","meta":{"footnotes":""},"categories":[2819],"tags":[1111,11,1777,674,1011,27,12,2401,882,25,3366],"class_list":{"0":"post-26016","1":"post","2":"type-post","3":"status-publish","4":"format-standard","5":"has-post-thumbnail","7":"category-nice","8":"tag-actu","9":"tag-actualites","10":"tag-eu","11":"tag-europe","12":"tag-fr","13":"tag-france","14":"tag-news","15":"tag-nice","16":"tag-provence-alpes-cote-dazur","17":"tag-republique-francaise","18":"tag-vie-locale"},"share_on_mastodon":{"url":"https:\/\/pubeurope.com\/@fr\/114340520467156490","error":""},"_links":{"self":[{"href":"https:\/\/www.europesays.com\/fr\/wp-json\/wp\/v2\/posts\/26016","targetHints":{"allow":["GET"]}}],"collection":[{"href":"https:\/\/www.europesays.com\/fr\/wp-json\/wp\/v2\/posts"}],"about":[{"href":"https:\/\/www.europesays.com\/fr\/wp-json\/wp\/v2\/types\/post"}],"author":[{"embeddable":true,"href":"https:\/\/www.europesays.com\/fr\/wp-json\/wp\/v2\/users\/2"}],"replies":[{"embeddable":true,"href":"https:\/\/www.europesays.com\/fr\/wp-json\/wp\/v2\/comments?post=26016"}],"version-history":[{"count":0,"href":"https:\/\/www.europesays.com\/fr\/wp-json\/wp\/v2\/posts\/26016\/revisions"}],"wp:featuredmedia":[{"embeddable":true,"href":"https:\/\/www.europesays.com\/fr\/wp-json\/wp\/v2\/media\/26017"}],"wp:attachment":[{"href":"https:\/\/www.europesays.com\/fr\/wp-json\/wp\/v2\/media?parent=26016"}],"wp:term":[{"taxonomy":"category","embeddable":true,"href":"https:\/\/www.europesays.com\/fr\/wp-json\/wp\/v2\/categories?post=26016"},{"taxonomy":"post_tag","embeddable":true,"href":"https:\/\/www.europesays.com\/fr\/wp-json\/wp\/v2\/tags?post=26016"}],"curies":[{"name":"wp","href":"https:\/\/api.w.org\/{rel}","templated":true}]}}